{"id":9,"date":"2007-07-02T09:56:49","date_gmt":"2007-07-02T08:56:49","guid":{"rendered":"http:\/\/fdelaitre.club.fr\/?p=9"},"modified":"2008-11-19T15:53:04","modified_gmt":"2008-11-19T14:53:04","slug":"perdu-de-vue","status":"publish","type":"post","link":"https:\/\/www.fdelaitre.org\/wp2\/2007\/07\/perdu-de-vue\/","title":{"rendered":"Perdu de vue"},"content":{"rendered":"<div id=\"dslc-theme-content\"><div id=\"dslc-theme-content-inner\"><p>Recherche d\u00e9sesp\u00e9r\u00e9ment : bus ligne 82. Tous les ans\u00a0\u00e0 la m\u00eame \u00e9poque, la ligne 82 de la RATP se met en vacances. Plus de bus \u00e0 l&rsquo;horizon entre 8h30 et 9h00&#8230;<\/p>\n<p>Le 82 (Luxembourg-Hopital Am\u00e9ricain) est en temps normal une ligne\u00a0lourdement handicap\u00e9e par un r\u00e9gulateur qui semble :<\/p>\n<p>1\u00b0)\u00a0\u00eatre venu du r\u00e9seau ferr\u00e9 de la R\u00e9gie et dont la sp\u00e9cialit\u00e9\u00a0serait de faire\u00a0desservir entre 7h00 et 8h00 la ligne par des \u00a0\u00ab\u00a0trains\u00a0\u00bb\u00a0de 3\u00a0voire 4 voitures qui semblent faire la course pour atteindre l&rsquo;Hopital Am\u00e9ricain puis offrir une desserte toutes les 25 minutes \u00e0\u00a0la pointe entre 8h00 et 9h00.<\/p>\n<p>et\/ou<\/p>\n<p>2\u00b0)\u00a0avoir travailll\u00e9 dans une fabrique de sardines\u00a0(notamment pour sa manie en cas de rattrappage de syst\u00e9matiquement transf\u00e9rer les voyageurs de la voiture la moins charg\u00e9e vers la voiture la plus remplie &#8211; g\u00e9n\u00e9ralement au niveau de l&rsquo;arr\u00eat \u00ab\u00a0Chartres\u00a0\u00bb o\u00f9 c&rsquo;est toujours blind\u00e9).<\/p>\n<p>Passons \u00e9videmment sur les appels radios incessants aux voitures en ligne pour position et corrections diverses : une bonne r\u00e9gulation est inversement proportionnelle au trafic radio. Il semble qu&rsquo;un savoir-faire se soit perdu \u00e0 Croix Nivert en l&rsquo;espace de quelques ann\u00e9es (d\u00e9parts en retraite sans transfert d&rsquo;exp\u00e9rience probablement).<\/p>\n<p>Bien \u00e9videmment, en cette p\u00e9riode de bus rar\u00e9fi\u00e9s, le syst\u00e8me SIEL est indisponible de 7h00 \u00e0 10h00. Comble du comble : les\u00a0rares indicateurs install\u00e9s ont \u00e9t\u00e9 d\u00e9pos\u00e9s dans la foul\u00e9e pour cause de \u00ab\u00a0travaux sur l&rsquo;abribus\u00a0\u00bb. Depuis un mois :\u00a0on attend toujours les travaux en question.<\/p>\n<p><img decoding=\"async\" src=\"http:\/\/www.fdelaitre.com\/Siel-1.jpg\" alt=\"\" width=\"490\" \/><\/p>\n<p>Bref, le triangle des Bermudes des transports collectifs. M\u00eame la ligne 93, pourtant bien oubli\u00e9e (elle utilise encore des R312) fait bien mieux en termes de r\u00e9gularit\u00e9 et de fr\u00e9quence. Enfin, ce qui console, c&rsquo;est que le prix de la Carte Orange a augment\u00e9 de 1,8%.<br \/>\nEncore un \u00e9t\u00e9 o\u00f9 j&rsquo;userai plus mes chaussures que les si\u00e8ges des Agora&#8230;<\/p>\n<\/div><\/div>","protected":false},"excerpt":{"rendered":"<p>Recherche d\u00e9sesp\u00e9r\u00e9ment : bus ligne 82. Tous les ans\u00a0\u00e0 la m\u00eame \u00e9poque, la ligne 82 de la RATP se met en vacances. Plus de bus \u00e0 l&rsquo;horizon entre 8h30 et 9h00&#8230; Le 82 (Luxembourg-Hopital Am\u00e9ricain) est en temps normal une ligne\u00a0lourdement handicap\u00e9e par un r\u00e9gulateur qui semble : 1\u00b0)\u00a0\u00eatre venu du r\u00e9seau ferr\u00e9 de la [&hellip;]<\/p>\n","protected":false},"author":2,"featured_media":0,"comment_status":"open","ping_status":"open","sticky":false,"template":"","format":"standard","meta":{"footnotes":""},"categories":[4],"tags":[],"_links":{"self":[{"href":"https:\/\/www.fdelaitre.org\/wp2\/wp-json\/wp\/v2\/posts\/9"}],"collection":[{"href":"https:\/\/www.fdelaitre.org\/wp2\/wp-json\/wp\/v2\/posts"}],"about":[{"href":"https:\/\/www.fdelaitre.org\/wp2\/wp-json\/wp\/v2\/types\/post"}],"author":[{"embeddable":true,"href":"https:\/\/www.fdelaitre.org\/wp2\/wp-json\/wp\/v2\/users\/2"}],"replies":[{"embeddable":true,"href":"https:\/\/www.fdelaitre.org\/wp2\/wp-json\/wp\/v2\/comments?post=9"}],"version-history":[{"count":1,"href":"https:\/\/www.fdelaitre.org\/wp2\/wp-json\/wp\/v2\/posts\/9\/revisions"}],"predecessor-version":[{"id":248,"href":"https:\/\/www.fdelaitre.org\/wp2\/wp-json\/wp\/v2\/posts\/9\/revisions\/248"}],"wp:attachment":[{"href":"https:\/\/www.fdelaitre.org\/wp2\/wp-json\/wp\/v2\/media?parent=9"}],"wp:term":[{"taxonomy":"category","embeddable":true,"href":"https:\/\/www.fdelaitre.org\/wp2\/wp-json\/wp\/v2\/categories?post=9"},{"taxonomy":"post_tag","embeddable":true,"href":"https:\/\/www.fdelaitre.org\/wp2\/wp-json\/wp\/v2\/tags?post=9"}],"curies":[{"name":"wp","href":"https:\/\/api.w.org\/{rel}","templated":true}]}}