{"id":89956,"date":"2025-02-02T18:45:51","date_gmt":"2025-02-02T17:45:51","guid":{"rendered":"https:\/\/www.fdelaitre.org\/wp2\/?p=89956"},"modified":"2025-02-02T21:31:45","modified_gmt":"2025-02-02T20:31:45","slug":"souvenirs-dun-gemmeiste","status":"publish","type":"post","link":"https:\/\/www.fdelaitre.org\/wp2\/2025\/02\/souvenirs-dun-gemmeiste\/","title":{"rendered":"Souvenirs d&rsquo;un GEMM(E)iste"},"content":{"rendered":"<div id=\"dslc-theme-content\"><div id=\"dslc-theme-content-inner\">\n<p>Nous f\u00eaterons l&rsquo;ann\u00e9e prochaine en 2026 les 40 ans de la premi\u00e8re exposition organis\u00e9e par le <a href=\"http:\/\/www.gemme.org\/\" data-type=\"link\" data-id=\"http:\/\/www.gemme.org\/\">GEMM<\/a> (\u00e0 l&rsquo;\u00e9poque sans\u00a0\u00bbE\u00a0\u00bb) \u00e0 Noisiel en novembre 1986 : Expom\u00e9trique \u00ab\u00a01\u00a0\u00bb. J&rsquo;ai retrouv\u00e9 un texte que j&rsquo;avais \u00e9crit en septembre 1998 pour une page de mon site, retir\u00e9e depuis, qui tente de retracer les d\u00e9buts (difficiles) du mod\u00e9lisme en voie \u00e9troite en France :<\/p>\n\n\n\n<p>\u00ab\u00a0Depuis 1976, suite \u00e0 l&rsquo;achat d&rsquo;un coffret Egger-Bahn \u00e0 l&rsquo;exposition de la Bastille et <a href=\"https:\/\/www.fdelaitre.org\/wp2\/2007\/12\/au-bois-lacte\/\">diff\u00e9rentes lectures dans des revues anglaises<\/a>, j&rsquo;\u00e9tais devenu un passionn\u00e9 de HOe et de voie \u00e9troite. Nous \u00e9tions alors seulement quelques uns, guettant sans grand espoir dans la presse sp\u00e9cialis\u00e9e quelque entrefilet relatif au mod\u00e9lisme en voie sub-normale. Nous bricolions des chassis Egger-Bahn (on en trouvait encore facilement) ou Ibertren (les mod\u00e8les les moins chers en N). Les puristes remuaient ciel et terre pour se procurer du mat\u00e9riel Berliner TT Bahnen au 1\/120\u00e8 de l&rsquo;autre c\u00f4t\u00e9 du rideau de fer, et le modifier pour faire du HOm sur de la vraie voie de 12mm d&rsquo;\u00e9cartement. Dans nos conversations avec les mod\u00e9listes \u00ab s\u00e9rieux \u00bb, nous \u00e9vitions de parler de voie \u00e9troite sous peine, au mieux, de recueillir quelques sourires attrist\u00e9s, mais plus g\u00e9n\u00e9ralement de passer pour d&rsquo;authentiques cingl\u00e9s.<\/p>\n\n\n<div class=\"wp-block-image\">\n<figure class=\"aligncenter size-full\"><a href=\"https:\/\/www.fdelaitre.org\/wp2\/wp-content\/uploads\/2025\/02\/Gem-Bastille.jpg\"><img decoding=\"async\" loading=\"lazy\" width=\"568\" height=\"787\" src=\"https:\/\/www.fdelaitre.org\/wp2\/wp-content\/uploads\/2025\/02\/Gem-Bastille.jpg\" alt=\"\" class=\"wp-image-89961\" srcset=\"https:\/\/www.fdelaitre.org\/wp2\/wp-content\/uploads\/2025\/02\/Gem-Bastille.jpg 568w, https:\/\/www.fdelaitre.org\/wp2\/wp-content\/uploads\/2025\/02\/Gem-Bastille-217x300.jpg 217w\" sizes=\"(max-width: 568px) 100vw, 568px\" \/><\/a><\/figure><\/div>\n\n\n<p>Quelque chose d&rsquo;\u00e9trange s&rsquo;est pass\u00e9 au tournant des ann\u00e9es 1980. Tout a commenc\u00e9 un jour de 1978 par un entrefilet dans Loco-Revue signalant que le <a href=\"https:\/\/www.gecp-asso.fr\/\" data-type=\"link\" data-id=\"https:\/\/www.gecp-asso.fr\/\">GECP (Groupe d&rsquo;\u00e9tude des chemins de fer de Provence)<\/a> lan\u00e7ait un appel aupr\u00e8s des mod\u00e9listes ferroviaires int\u00e9ress\u00e9s par une production de mat\u00e9riel \u00e0 voie \u00e9troite en HO. Un petit sondage nous questionnait sur le type de mod\u00e8le souhait\u00e9 et le prix que nous souhaitions y consacrer. J&rsquo;envoyais un courrier au GECP et puis, plus rien, comme d&rsquo;habitude. Jusqu&rsquo;\u00e0 ce jour de 1979 o\u00f9 un inconnu proposait sous la marque GECOMODEL une machine mythique : la 030T des Tramways de la Sarthe, au choix en HOe ou en HOm \u2014 c&rsquo;est dire si le HOm \u00e9tait \u00e0 l&rsquo;\u00e9poque une \u00e9chelle marginale ! Autre coup de tonnerre : c&rsquo;est au tour des mod\u00e8les r\u00e9duits Mougel, \u00e0 c\u00f4t\u00e9 de leur production \u00ab normale \u00bb de VTU Corail, qui lance une gamme d&rsquo;autorails Billard \u00e0 voie m\u00e9trique en HOe et HOm. Le Billard : avec le De-Dion, probablement l&rsquo;autorail le plus repr\u00e9sentatif des r\u00e9seaux secondaires \u00e0 voie m\u00e9trique en France au 20\u00e8 si\u00e8cle; des r\u00e9seaux de mieux en mieux connus gr\u00e2ce aux efforts de la FACS, des premiers chemins de fer touristiques (Vivarais, CFBS, MTVS) et \u00e0 de nouvelles revues comme le Magazine des Tramways \u00e0 Vapeur et des Secondaires de Jean-Claude Riffaud.<\/p>\n\n\n<div class=\"wp-block-image\">\n<figure class=\"aligncenter size-full\"><a href=\"https:\/\/www.fdelaitre.org\/wp2\/wp-content\/uploads\/2025\/02\/Montclar-MTVS.jpg\"><img decoding=\"async\" loading=\"lazy\" width=\"588\" height=\"785\" src=\"https:\/\/www.fdelaitre.org\/wp2\/wp-content\/uploads\/2025\/02\/Montclar-MTVS.jpg\" alt=\"\" class=\"wp-image-89962\" srcset=\"https:\/\/www.fdelaitre.org\/wp2\/wp-content\/uploads\/2025\/02\/Montclar-MTVS.jpg 588w, https:\/\/www.fdelaitre.org\/wp2\/wp-content\/uploads\/2025\/02\/Montclar-MTVS-225x300.jpg 225w\" sizes=\"(max-width: 588px) 100vw, 588px\" \/><\/a><\/figure><\/div>\n\n\n<p>C&rsquo;est l&rsquo;\u00e9poque du \u00ab&nbsp;mod\u00e9lisme d&rsquo;atmosph\u00e8re&nbsp;\u00bb. Les rails rouill\u00e9s, les voies herbues, la patine (que l&rsquo;on d\u00e9signait encore sous l&rsquo;appellation anglaise de <em>weathering<\/em>), devinrent \u00e0 la mode. Peut-\u00eatre en r\u00e9action au modernisme et \u00e0 l&rsquo;uniformit\u00e9 illustr\u00e9s par le TGV, qui venait de battre le record du monde \u00e0 380km\/h&nbsp;? Tr\u00e8s certainement nous avions le sentiment diffus que l&rsquo;arriv\u00e9e de la grande vitesse annon\u00e7ait la fin d&rsquo;une \u00e8re pour le chemin de fer. Et quoi de plus repr\u00e9sentatif de cette \u00e9poque r\u00e9volue que nos CFD, SE, BA et autres TC&nbsp;?<\/p>\n\n\n\n<p>Mais il manquait encore quelque chose, un \u00e9v\u00e8nement f\u00e9d\u00e9rateur, une premi\u00e8re pierre, le P.K. 0 d&rsquo;une nouvelle voie. Ce fut Expom\u00e9trique \u00ab&nbsp;1&nbsp;\u00bb, qui permis \u00e0 nous, les mod\u00e9listes en voie \u00e9troite, de faire notre <em>coming out<\/em>, comme on dit de nos jours. Les 6 et 7 d\u00e9cembre 1986, dans un des bureaux paysagers de la MAAF \u00e0 Noisiel, dans la banlieue est de Paris, on avait pouss\u00e9 les tables et les chaises pour installer quelques \u00e9tals d&rsquo;exposants, peu nombreux tant la voie \u00e9troite \u00e9tait un march\u00e9 marginal : MTVS, GECOMODEL et quelques autres&#8230;<\/p>\n\n\n<div class=\"wp-block-image\">\n<figure class=\"aligncenter size-large is-resized\"><a href=\"https:\/\/www.fdelaitre.org\/wp2\/wp-content\/uploads\/2025\/02\/MAAF-Noisiel-2008-2-all-JP-Sartre.jpg\"><img decoding=\"async\" loading=\"lazy\" src=\"https:\/\/www.fdelaitre.org\/wp2\/wp-content\/uploads\/2025\/02\/MAAF-Noisiel-2008-2-all-JP-Sartre-1024x600.jpg\" alt=\"\" class=\"wp-image-89959\" style=\"width:814px;height:478px\" width=\"814\" height=\"478\" srcset=\"https:\/\/www.fdelaitre.org\/wp2\/wp-content\/uploads\/2025\/02\/MAAF-Noisiel-2008-2-all-JP-Sartre-1024x600.jpg 1024w, https:\/\/www.fdelaitre.org\/wp2\/wp-content\/uploads\/2025\/02\/MAAF-Noisiel-2008-2-all-JP-Sartre-300x176.jpg 300w, https:\/\/www.fdelaitre.org\/wp2\/wp-content\/uploads\/2025\/02\/MAAF-Noisiel-2008-2-all-JP-Sartre-768x450.jpg 768w, https:\/\/www.fdelaitre.org\/wp2\/wp-content\/uploads\/2025\/02\/MAAF-Noisiel-2008-2-all-JP-Sartre.jpg 1217w\" sizes=\"(max-width: 814px) 100vw, 814px\" \/><\/a><figcaption class=\"wp-element-caption\"><strong><em>Expom\u00e9trique 1 :<\/em><\/strong> <strong><em>l\u00e0 o\u00f9 tout a commenc\u00e9, les locaux aujourd&rsquo;hui disparus de la MAAF, 2 all\u00e9e Jean-Paul Sartre \u00e0 Noisiel, Seine-et-Marne.  Etat 2008 (c) Google Streetview.<\/em><\/strong><\/figcaption><\/figure><\/div>\n\n\n<p>Il y avait <a href=\"https:\/\/fdelaitre.org\/lpf2\/Expom02-4.htm\">le r\u00e9seau de Jean-Pierre Dumont<\/a> qui, non seulement \u00e9tait en HOm, mais adoptait aussi la pr\u00e9sentation <em>shadow box<\/em>, quinze ans avant que cela ne devienne \u00e0 la mode&#8230; Il y avait aussi le r\u00e9seau au 1\/50\u00e8 de Ren\u00e9 Marlier, de construction personnelle et int\u00e9grale, et le r\u00e9seau HOi de Bernard Junk log\u00e9 dans un \u00e9tui \u00e0 violon, qui annon\u00e7ait d\u00e9j\u00e0 les concours de micro-r\u00e9seaux du GEMME. <\/p>\n\n\n\n<figure class=\"wp-block-image size-full\"><a href=\"https:\/\/www.fdelaitre.org\/wp2\/wp-content\/uploads\/2025\/02\/Expom05-85.jpg\"><img decoding=\"async\" loading=\"lazy\" width=\"800\" height=\"600\" src=\"https:\/\/www.fdelaitre.org\/wp2\/wp-content\/uploads\/2025\/02\/Expom05-85.jpg\" alt=\"\" class=\"wp-image-89973\" srcset=\"https:\/\/www.fdelaitre.org\/wp2\/wp-content\/uploads\/2025\/02\/Expom05-85.jpg 800w, https:\/\/www.fdelaitre.org\/wp2\/wp-content\/uploads\/2025\/02\/Expom05-85-300x225.jpg 300w, https:\/\/www.fdelaitre.org\/wp2\/wp-content\/uploads\/2025\/02\/Expom05-85-768x576.jpg 768w\" sizes=\"(max-width: 800px) 100vw, 800px\" \/><\/a><figcaption class=\"wp-element-caption\"><strong><em>Le r\u00e9seau dans un \u00e9tui \u00e0 violon (HOi : \u00e9chelle 1\/87e sur voie de 6,5mm) de Bernard Junk. Cr\u00e9\u00e9 pour Expom\u00e9trique 1 en 1986, vu ici \u00e0 <a href=\"http:\/\/www.fdelaitre.org\/Expom05.htm\" data-type=\"link\" data-id=\"http:\/\/www.fdelaitre.org\/Expom05.htm\">E<\/a><a href=\"http:\/\/www.fdelaitre.org\/Expom05-5.htm\" data-type=\"link\" data-id=\"http:\/\/www.fdelaitre.org\/Expom05.htm\">xpom\u00e9trique 2005<\/a> (qui \u00e0 l&rsquo;\u00e9poque avait quitt\u00e9 Les Lilas pour Villebon-sur-Yvette).<\/em><\/strong><\/figcaption><\/figure>\n\n\n\n<p><\/p>\n\n\n\n<p>Il y avait \u00e9galement les premiers tours de roue de la Mallet Loco-Diffusion reproduite \u00e0 l&rsquo;\u00e9chelle de l&rsquo;\u00e9lite : le Om, et les mod\u00e8les en carton de Gilles Gayral. Et surtout, pour la premi\u00e8re fois, nous, les obscurs, les marginaux, les proscrits de la voie \u00e9troite, nous \u00e9tions entre nous. Nous faisions connaissance et d\u00e9couvrions que nous avions les m\u00eames probl\u00e8mes : la disponibilit\u00e9 de la voie, le manque de mod\u00e8les fran\u00e7ais, les commandes al\u00e9atoires en Grande-Bretagne ou en Allemagne, le bricolage des chassis Rokal (en TT), le fonctionnement capricieux du HOe, etc. Chacun sentait confus\u00e9ment que la route serait longue, mais que, enfin, le monde de la voie \u00e9troite avait enfin droit de cit\u00e9.<\/p>\n\n\n<div class=\"wp-block-image\">\n<figure class=\"aligncenter size-full\"><a href=\"https:\/\/www.fdelaitre.org\/wp2\/wp-content\/uploads\/2025\/02\/Patronage-15e-Vaugirard.jpg\"><img decoding=\"async\" loading=\"lazy\" width=\"769\" height=\"294\" src=\"https:\/\/www.fdelaitre.org\/wp2\/wp-content\/uploads\/2025\/02\/Patronage-15e-Vaugirard.jpg\" alt=\"\" class=\"wp-image-89963\" srcset=\"https:\/\/www.fdelaitre.org\/wp2\/wp-content\/uploads\/2025\/02\/Patronage-15e-Vaugirard.jpg 769w, https:\/\/www.fdelaitre.org\/wp2\/wp-content\/uploads\/2025\/02\/Patronage-15e-Vaugirard-300x115.jpg 300w\" sizes=\"(max-width: 769px) 100vw, 769px\" \/><\/a><figcaption class=\"wp-element-caption\"><strong><em>Deux hauts lieux des expositions du GEMME des d\u00e9buts : \u00e0 g. le patronage la\u00efque du XVe arrondissement, 72 avenue F\u00e9lix Faure (d\u00e9moli en 2012), o\u00f9 l&rsquo;auteur de ces lignes eut l&rsquo;honneur d&rsquo;enregistrer l&rsquo;adh\u00e9sion au GEMME de Jehan-Hubert Lavie, alors r\u00e9dacteur en chef de Loco-Revue. A dr., un des pavillons des anciens abattoirs de Vaugirard o\u00f9 le GEMME avait organis\u00e9 un \u00ab\u00a0contre-salon\u00a0\u00bb au Salon du Mod\u00e9lisme qui se tenait alors non loin, au Pavillon 1 du parc des expositions de la Porte de Versailles.<\/em><\/strong><\/figcaption><\/figure><\/div>\n\n\n<p>La route fut longue en effet. La premi\u00e8re t\u00e2che du GEMM (sans E) fut de rendre cr\u00e9dible notre d\u00e9marche, et il fallut pas mal de palabres, de communiqu\u00e9s, de mises au point et de droits de r\u00e9ponse plus ou moins virulents pour nous faire reconna\u00eetre aupr\u00e8s de la presse sp\u00e9cialis\u00e9e. En contemplant les immenses stands des revues au dernier Expom\u00e9trique, seuls quelques anciens du GEMM(E) peuvent mesurer l&rsquo;ampleur du chemin parcouru de ce point de vue \ud83d\ude42 Le GEMM lui-m\u00eame n&rsquo;\u00e9tait pas exempt de dissenssions internes, notamment au niveau des \u00e9chelles (Om contre HOm) ou m\u00eame au sein d&rsquo;une \u00e9chelle donn\u00e9e (Oe14 ou Oe16,5), mais tout cela se terminait g\u00e9n\u00e9ralement autour d&rsquo;un demi et d&rsquo;un <em>Baeckeoffe<\/em> au Cochon Dor\u00e9 (un restaurant alsacien aujourd&rsquo;hui disparu situ\u00e9 rue Thorel, pr\u00e8s de Bonne-Nouvelle), ou autour d&rsquo;un verre de \u00ab&nbsp;Grande Subrenette&nbsp;\u00bb, un cocktail bleu\u00e2tre servi g\u00e9n\u00e9reusement aux GEMMistes par Michel Subrenat-Auger (composition \u00e0 ce jour inconnue mais qui devait contenir au moins du cura\u00e7ao &#8211; conduite automobile ou montage de kit laiton fortement d\u00e9conseill\u00e9e apr\u00e8s absorption).<\/p>\n\n\n<div class=\"wp-block-image\">\n<figure class=\"aligncenter size-full is-resized\"><a href=\"https:\/\/www.fdelaitre.org\/wp2\/wp-content\/uploads\/2025\/02\/Gem99-Affiche.gif\"><img decoding=\"async\" loading=\"lazy\" src=\"https:\/\/www.fdelaitre.org\/wp2\/wp-content\/uploads\/2025\/02\/Gem99-Affiche.gif\" alt=\"\" class=\"wp-image-89965\" style=\"width:524px;height:734px\" width=\"524\" height=\"734\"\/><\/a><figcaption class=\"wp-element-caption\"><strong><em>Autre haut lieu du GEMME, le centre sportif Flor\u00e9al aux Lilas qui abrita plusieurs \u00e9ditions d&rsquo;Expom\u00e9trique dans les ann\u00e9es 1990 (l&rsquo;affiche de Expom\u00e9trique 1999 \u00e9tait l&rsquo;oeuvre de Fran\u00e7ois Fontana, actuel r\u00e9dacteur en chef de <a href=\"https:\/\/trains.lrpresse.com\/categories\/voie-libre\">Voie Libre<\/a>).<\/em><\/strong><\/figcaption><\/figure><\/div>\n\n\n<p>Outre regrouper des passionn\u00e9s et des mod\u00e9listes de talent, l&rsquo;une des grandes forces du GEMM fut tr\u00e8s t\u00f4t de r\u00e9unir des artisans fran\u00e7ais et de les mettre en contact direct avec leur client\u00e8le. Certains d&rsquo;entre eux qui ont maintenant pignon sur rue firent leurs premi\u00e8res armes au cours de l&rsquo;une ou l&rsquo;autre des premi\u00e8res \u00e9ditions d&rsquo;Expom\u00e9trique.\u00a0\u00bb<\/p>\n\n\n\n<p><\/p>\n<\/div><\/div>","protected":false},"excerpt":{"rendered":"<p>Nous f\u00eaterons l&rsquo;ann\u00e9e prochaine en 2026 les 40 ans de la premi\u00e8re exposition organis\u00e9e par le GEMM (\u00e0 l&rsquo;\u00e9poque sans\u00a0\u00bbE\u00a0\u00bb) \u00e0 Noisiel en novembre 1986 : Expom\u00e9trique \u00ab\u00a01\u00a0\u00bb. J&rsquo;ai retrouv\u00e9 un texte que j&rsquo;avais \u00e9crit en septembre 1998 pour une page de mon site, retir\u00e9e depuis, qui tente de retracer les d\u00e9buts (difficiles) du mod\u00e9lisme [&hellip;]<\/p>\n","protected":false},"author":2,"featured_media":0,"comment_status":"open","ping_status":"open","sticky":false,"template":"","format":"standard","meta":{"footnotes":""},"categories":[2],"tags":[],"_links":{"self":[{"href":"https:\/\/www.fdelaitre.org\/wp2\/wp-json\/wp\/v2\/posts\/89956"}],"collection":[{"href":"https:\/\/www.fdelaitre.org\/wp2\/wp-json\/wp\/v2\/posts"}],"about":[{"href":"https:\/\/www.fdelaitre.org\/wp2\/wp-json\/wp\/v2\/types\/post"}],"author":[{"embeddable":true,"href":"https:\/\/www.fdelaitre.org\/wp2\/wp-json\/wp\/v2\/users\/2"}],"replies":[{"embeddable":true,"href":"https:\/\/www.fdelaitre.org\/wp2\/wp-json\/wp\/v2\/comments?post=89956"}],"version-history":[{"count":14,"href":"https:\/\/www.fdelaitre.org\/wp2\/wp-json\/wp\/v2\/posts\/89956\/revisions"}],"predecessor-version":[{"id":89980,"href":"https:\/\/www.fdelaitre.org\/wp2\/wp-json\/wp\/v2\/posts\/89956\/revisions\/89980"}],"wp:attachment":[{"href":"https:\/\/www.fdelaitre.org\/wp2\/wp-json\/wp\/v2\/media?parent=89956"}],"wp:term":[{"taxonomy":"category","embeddable":true,"href":"https:\/\/www.fdelaitre.org\/wp2\/wp-json\/wp\/v2\/categories?post=89956"},{"taxonomy":"post_tag","embeddable":true,"href":"https:\/\/www.fdelaitre.org\/wp2\/wp-json\/wp\/v2\/tags?post=89956"}],"curies":[{"name":"wp","href":"https:\/\/api.w.org\/{rel}","templated":true}]}}