{"id":89938,"date":"2025-01-25T18:49:12","date_gmt":"2025-01-25T17:49:12","guid":{"rendered":"https:\/\/www.fdelaitre.org\/wp2\/?p=89938"},"modified":"2025-02-22T19:57:16","modified_gmt":"2025-02-22T18:57:16","slug":"saint-mande-2025","status":"publish","type":"post","link":"https:\/\/www.fdelaitre.org\/wp2\/2025\/01\/saint-mande-2025\/","title":{"rendered":"Saint-Mand\u00e9 2025"},"content":{"rendered":"<div id=\"dslc-theme-content\"><div id=\"dslc-theme-content-inner\">\n<p>L&rsquo;exposition qui s&rsquo;est d\u00e9roul\u00e9e \u00e0 l&rsquo;H\u00f4tel de Ville de Saint Mand\u00e9 (94) les 18 et 19 janvier 2025 marque le d\u00e9but de l&rsquo;ann\u00e9e de mod\u00e9lisme ferroviaire. H\u00e9riti\u00e8re de l&rsquo;exposition PN160 des ann\u00e9es 1990 (connue \u00e9galement comme \u00ab\u00a0l&rsquo;exposition de la Gare du Nord\u00a0\u00bb, qui se tenait alors dans une annexe de la gare SNCF), elle a \u00e9t\u00e9 traditionnellement d\u00e9di\u00e9e \u00e0 l&rsquo;\u00e9chelle N &#8211; maintenant \u00e9tendue au Z &#8211; avec une pr\u00e9sence significative de la voie \u00e9troite.<\/p>\n\n\n\n<p>Apr\u00e8s la fin du Mondial de la maquette \u00e0 la Porte de Versailles et l&rsquo;exil de Railexpo (ex-Expom\u00e9trique) \u00e0 Chartres puis \u00e0 Dreux, chass\u00e9es par les prix prohibitifs des espaces d&rsquo;exposition, St Mand\u00e9 reste une des derni\u00e8res expositions de mod\u00e9lisme ferroviaire en r\u00e9gion parisienne. Saluons ici le soutient de la municipalit\u00e9, qui loue deux niveaux de la mairie, au prix certes d&rsquo;un certain entassement, mais un lieu bien situ\u00e9 \u00e0 5 minutes du m\u00e9tro St Mand\u00e9-Tourelle (ligne 1).<\/p>\n\n\n<div class=\"wp-block-image\">\n<figure class=\"aligncenter size-large is-resized\"><a href=\"https:\/\/www.fdelaitre.org\/wp2\/wp-content\/uploads\/2025\/01\/20250119_112413-scaled.jpg\"><img decoding=\"async\" loading=\"lazy\" src=\"https:\/\/www.fdelaitre.org\/wp2\/wp-content\/uploads\/2025\/01\/20250119_112413-577x1024.jpg\" alt=\"\" class=\"wp-image-89947\" style=\"width:263px;height:467px\" width=\"263\" height=\"467\" srcset=\"https:\/\/www.fdelaitre.org\/wp2\/wp-content\/uploads\/2025\/01\/20250119_112413-577x1024.jpg 577w, https:\/\/www.fdelaitre.org\/wp2\/wp-content\/uploads\/2025\/01\/20250119_112413-169x300.jpg 169w, https:\/\/www.fdelaitre.org\/wp2\/wp-content\/uploads\/2025\/01\/20250119_112413-768x1364.jpg 768w, https:\/\/www.fdelaitre.org\/wp2\/wp-content\/uploads\/2025\/01\/20250119_112413-865x1536.jpg 865w, https:\/\/www.fdelaitre.org\/wp2\/wp-content\/uploads\/2025\/01\/20250119_112413-1153x2048.jpg 1153w, https:\/\/www.fdelaitre.org\/wp2\/wp-content\/uploads\/2025\/01\/20250119_112413-scaled.jpg 1441w\" sizes=\"(max-width: 263px) 100vw, 263px\" \/><\/a><\/figure><\/div>\n\n\n<p><strong>La tendance ?<\/strong> Plus de 10 ans que je ne m&rsquo;\u00e9tais rendu \u00e0 cette exposition : beaucoup de nouveaux artisans, de l&rsquo;impression 3D, \u00e9lectronique et informatique, DCC et sonorisation, bandeaux LEDs pour l&rsquo;\u00e9clairage. L&rsquo;allure des postes de commande 2025 en fait foi, bien loin des Disjoncta de Jouef ou de l&rsquo;increvable r\u00e9f\u00e9rence 6750 de Fleischmann !<\/p>\n\n\n\n<figure class=\"wp-block-image size-large\"><a href=\"https:\/\/www.fdelaitre.org\/wp2\/wp-content\/uploads\/2025\/01\/TCO.jpg\"><img decoding=\"async\" loading=\"lazy\" width=\"1024\" height=\"738\" src=\"https:\/\/www.fdelaitre.org\/wp2\/wp-content\/uploads\/2025\/01\/TCO-1024x738.jpg\" alt=\"\" class=\"wp-image-89950\" srcset=\"https:\/\/www.fdelaitre.org\/wp2\/wp-content\/uploads\/2025\/01\/TCO-1024x738.jpg 1024w, https:\/\/www.fdelaitre.org\/wp2\/wp-content\/uploads\/2025\/01\/TCO-300x216.jpg 300w, https:\/\/www.fdelaitre.org\/wp2\/wp-content\/uploads\/2025\/01\/TCO-768x554.jpg 768w, https:\/\/www.fdelaitre.org\/wp2\/wp-content\/uploads\/2025\/01\/TCO.jpg 1089w\" sizes=\"(max-width: 1024px) 100vw, 1024px\" \/><\/a><\/figure>\n\n\n\n<p>Quelques photos en avant-premi\u00e8re :<\/p>\n\n\n\n<p><strong>1\/22,5 &#8211;<\/strong> le \u00ab\u00a0Demi-carr\u00e9\u00a0\u00bb industriel de Claude R\u00e9mond.<\/p>\n\n\n\n<figure class=\"wp-block-image size-large\"><a href=\"https:\/\/www.fdelaitre.org\/wp2\/wp-content\/uploads\/2025\/01\/20250119_112546-scaled.jpg\"><img decoding=\"async\" loading=\"lazy\" width=\"1024\" height=\"577\" src=\"https:\/\/www.fdelaitre.org\/wp2\/wp-content\/uploads\/2025\/01\/20250119_112546-1024x577.jpg\" alt=\"\" class=\"wp-image-89940\" srcset=\"https:\/\/www.fdelaitre.org\/wp2\/wp-content\/uploads\/2025\/01\/20250119_112546-1024x577.jpg 1024w, https:\/\/www.fdelaitre.org\/wp2\/wp-content\/uploads\/2025\/01\/20250119_112546-300x169.jpg 300w, https:\/\/www.fdelaitre.org\/wp2\/wp-content\/uploads\/2025\/01\/20250119_112546-768x432.jpg 768w, https:\/\/www.fdelaitre.org\/wp2\/wp-content\/uploads\/2025\/01\/20250119_112546-1536x865.jpg 1536w, https:\/\/www.fdelaitre.org\/wp2\/wp-content\/uploads\/2025\/01\/20250119_112546-2048x1153.jpg 2048w\" sizes=\"(max-width: 1024px) 100vw, 1024px\" \/><\/a><\/figure>\n\n\n\n<p><strong>HOm <\/strong>&#8211; \u00ab\u00a0Bouy-\u00e0-Baez\u00a0\u00bb, oeuvre du club \u00ab\u00a0<a href=\"https:\/\/www.msc-hetspoor.be\/\">Model Rail Club Het Spoor<\/a>\u00a0\u00bb de Sint-Niklaas, Belgique.<\/p>\n\n\n\n<figure class=\"wp-block-image size-large\"><a href=\"https:\/\/www.fdelaitre.org\/wp2\/wp-content\/uploads\/2025\/01\/20250119_111201-scaled.jpg\"><img decoding=\"async\" loading=\"lazy\" width=\"1024\" height=\"577\" src=\"https:\/\/www.fdelaitre.org\/wp2\/wp-content\/uploads\/2025\/01\/20250119_111201-1024x577.jpg\" alt=\"\" class=\"wp-image-89941\" srcset=\"https:\/\/www.fdelaitre.org\/wp2\/wp-content\/uploads\/2025\/01\/20250119_111201-1024x577.jpg 1024w, https:\/\/www.fdelaitre.org\/wp2\/wp-content\/uploads\/2025\/01\/20250119_111201-300x169.jpg 300w, https:\/\/www.fdelaitre.org\/wp2\/wp-content\/uploads\/2025\/01\/20250119_111201-768x432.jpg 768w, https:\/\/www.fdelaitre.org\/wp2\/wp-content\/uploads\/2025\/01\/20250119_111201-1536x865.jpg 1536w, https:\/\/www.fdelaitre.org\/wp2\/wp-content\/uploads\/2025\/01\/20250119_111201-2048x1153.jpg 2048w\" sizes=\"(max-width: 1024px) 100vw, 1024px\" \/><\/a><\/figure>\n\n\n\n<p><strong>HOe &#8211; <\/strong>un petit r\u00e9seau d&rsquo;Alain Lavoute du club de Provins. Mat\u00e9riel roulant d&rsquo;origine Lilliput, Roco, Egger-Bahn et gare de Villeneuve Jouef : autant de souvenirs de mes d\u00e9buts en voie \u00e9troite il y a pr\u00e8s de 50 ans ! \ud83d\ude42<\/p>\n\n\n\n<figure class=\"wp-block-image size-large\"><a href=\"https:\/\/www.fdelaitre.org\/wp2\/wp-content\/uploads\/2025\/01\/HOe-Ferrieres.jpg\"><img decoding=\"async\" loading=\"lazy\" width=\"1024\" height=\"555\" src=\"https:\/\/www.fdelaitre.org\/wp2\/wp-content\/uploads\/2025\/01\/HOe-Ferrieres-1024x555.jpg\" alt=\"\" class=\"wp-image-89942\" srcset=\"https:\/\/www.fdelaitre.org\/wp2\/wp-content\/uploads\/2025\/01\/HOe-Ferrieres-1024x555.jpg 1024w, https:\/\/www.fdelaitre.org\/wp2\/wp-content\/uploads\/2025\/01\/HOe-Ferrieres-300x163.jpg 300w, https:\/\/www.fdelaitre.org\/wp2\/wp-content\/uploads\/2025\/01\/HOe-Ferrieres-768x416.jpg 768w, https:\/\/www.fdelaitre.org\/wp2\/wp-content\/uploads\/2025\/01\/HOe-Ferrieres.jpg 1478w\" sizes=\"(max-width: 1024px) 100vw, 1024px\" \/><\/a><\/figure>\n\n\n\n<p><strong>On30 &#8211; <\/strong>Lucky Luke Nugget Gulch de Franck Combe. La rencontre de la BD et de la voie \u00e9troite US (1\/48e sur voie de 16,5mm) :<\/p>\n\n\n\n<figure class=\"wp-block-image size-large\"><a href=\"https:\/\/www.fdelaitre.org\/wp2\/wp-content\/uploads\/2025\/01\/Nugget-Gulch.jpg\"><img decoding=\"async\" loading=\"lazy\" width=\"1024\" height=\"466\" src=\"https:\/\/www.fdelaitre.org\/wp2\/wp-content\/uploads\/2025\/01\/Nugget-Gulch-1024x466.jpg\" alt=\"\" class=\"wp-image-89946\" srcset=\"https:\/\/www.fdelaitre.org\/wp2\/wp-content\/uploads\/2025\/01\/Nugget-Gulch-1024x466.jpg 1024w, https:\/\/www.fdelaitre.org\/wp2\/wp-content\/uploads\/2025\/01\/Nugget-Gulch-300x137.jpg 300w, https:\/\/www.fdelaitre.org\/wp2\/wp-content\/uploads\/2025\/01\/Nugget-Gulch-768x350.jpg 768w, https:\/\/www.fdelaitre.org\/wp2\/wp-content\/uploads\/2025\/01\/Nugget-Gulch-1536x699.jpg 1536w, https:\/\/www.fdelaitre.org\/wp2\/wp-content\/uploads\/2025\/01\/Nugget-Gulch.jpg 1630w\" sizes=\"(max-width: 1024px) 100vw, 1024px\" \/><\/a><\/figure>\n\n\n\n<p><strong>Z &#8211;<\/strong> dans le cadre du concours de module \u00ab\u00a0Z\u00e9nic\u00a0\u00bb, ambiance m\u00e9diterran\u00e9enne pour la gare de Ensu\u00e8s-La Redonne (Bouches du Rh\u00f4ne), par \u00ab\u00a0Hannibal_Stef\u00a0\u00bb :<\/p>\n\n\n\n<figure class=\"wp-block-image size-large\"><a href=\"https:\/\/www.fdelaitre.org\/wp2\/wp-content\/uploads\/2025\/01\/20250119_113703-scaled.jpg\"><img decoding=\"async\" loading=\"lazy\" width=\"1024\" height=\"577\" src=\"https:\/\/www.fdelaitre.org\/wp2\/wp-content\/uploads\/2025\/01\/20250119_113703-1024x577.jpg\" alt=\"\" class=\"wp-image-89944\" srcset=\"https:\/\/www.fdelaitre.org\/wp2\/wp-content\/uploads\/2025\/01\/20250119_113703-1024x577.jpg 1024w, https:\/\/www.fdelaitre.org\/wp2\/wp-content\/uploads\/2025\/01\/20250119_113703-300x169.jpg 300w, https:\/\/www.fdelaitre.org\/wp2\/wp-content\/uploads\/2025\/01\/20250119_113703-768x432.jpg 768w, https:\/\/www.fdelaitre.org\/wp2\/wp-content\/uploads\/2025\/01\/20250119_113703-1536x865.jpg 1536w, https:\/\/www.fdelaitre.org\/wp2\/wp-content\/uploads\/2025\/01\/20250119_113703-2048x1153.jpg 2048w\" sizes=\"(max-width: 1024px) 100vw, 1024px\" \/><\/a><\/figure>\n\n\n\n<p>Un petit reportage sur <a href=\"http:\/\/fdelaitre.org\/lpf2\/ExpoStMande_2025.htm\">l&rsquo;\u00e9dition 2025<\/a>. Les \u00e9ditions pr\u00e9c\u00e9dentes : <a href=\"https:\/\/fdelaitre.org\/lpf2\/PN160-03.htm\">2003<\/a>, <a href=\"https:\/\/fdelaitre.org\/lpf2\/PN160-05.htm\">2005<\/a> et <a href=\"https:\/\/fdelaitre.org\/lpf2\/ExpoStMande_2012.htm\">2012<\/a> sont toujours en ligne !<\/p>\n<\/div><\/div>","protected":false},"excerpt":{"rendered":"<p>L&rsquo;exposition qui s&rsquo;est d\u00e9roul\u00e9e \u00e0 l&rsquo;H\u00f4tel de Ville de Saint Mand\u00e9 (94) les 18 et 19 janvier 2025 marque le d\u00e9but de l&rsquo;ann\u00e9e de mod\u00e9lisme ferroviaire. H\u00e9riti\u00e8re de l&rsquo;exposition PN160 des ann\u00e9es 1990 (connue \u00e9galement comme \u00ab\u00a0l&rsquo;exposition de la Gare du Nord\u00a0\u00bb, qui se tenait alors dans une annexe de la gare SNCF), elle a [&hellip;]<\/p>\n","protected":false},"author":2,"featured_media":0,"comment_status":"open","ping_status":"open","sticky":false,"template":"","format":"standard","meta":{"footnotes":""},"categories":[2],"tags":[],"_links":{"self":[{"href":"https:\/\/www.fdelaitre.org\/wp2\/wp-json\/wp\/v2\/posts\/89938"}],"collection":[{"href":"https:\/\/www.fdelaitre.org\/wp2\/wp-json\/wp\/v2\/posts"}],"about":[{"href":"https:\/\/www.fdelaitre.org\/wp2\/wp-json\/wp\/v2\/types\/post"}],"author":[{"embeddable":true,"href":"https:\/\/www.fdelaitre.org\/wp2\/wp-json\/wp\/v2\/users\/2"}],"replies":[{"embeddable":true,"href":"https:\/\/www.fdelaitre.org\/wp2\/wp-json\/wp\/v2\/comments?post=89938"}],"version-history":[{"count":9,"href":"https:\/\/www.fdelaitre.org\/wp2\/wp-json\/wp\/v2\/posts\/89938\/revisions"}],"predecessor-version":[{"id":89988,"href":"https:\/\/www.fdelaitre.org\/wp2\/wp-json\/wp\/v2\/posts\/89938\/revisions\/89988"}],"wp:attachment":[{"href":"https:\/\/www.fdelaitre.org\/wp2\/wp-json\/wp\/v2\/media?parent=89938"}],"wp:term":[{"taxonomy":"category","embeddable":true,"href":"https:\/\/www.fdelaitre.org\/wp2\/wp-json\/wp\/v2\/categories?post=89938"},{"taxonomy":"post_tag","embeddable":true,"href":"https:\/\/www.fdelaitre.org\/wp2\/wp-json\/wp\/v2\/tags?post=89938"}],"curies":[{"name":"wp","href":"https:\/\/api.w.org\/{rel}","templated":true}]}}