{"id":89903,"date":"2024-09-16T22:04:21","date_gmt":"2024-09-16T21:04:21","guid":{"rendered":"https:\/\/www.fdelaitre.org\/wp2\/?p=89903"},"modified":"2024-10-01T21:36:56","modified_gmt":"2024-10-01T20:36:56","slug":"jo-paris-2024","status":"publish","type":"post","link":"https:\/\/www.fdelaitre.org\/wp2\/2024\/09\/jo-paris-2024\/","title":{"rendered":"JO Paris 2024"},"content":{"rendered":"<div id=\"dslc-theme-content\"><div id=\"dslc-theme-content-inner\">\n<figure class=\"wp-block-image is-resized\"><a href=\"https:\/\/openbadgepassport.com\/app\/badge\/info\/795453\" target=\"_blank\" rel=\"noreferrer noopener\"><img decoding=\"async\" loading=\"lazy\" src=\"https:\/\/openbadgepassport.com\/file\/0\/e\/0\/2\/0e0258027ff1665da8820ad2764a553c9056145fc3c2813b1b4c2fd4c89b09ac.png\/\" alt=\"\" style=\"width:187px;height:187px\" width=\"187\" height=\"187\"\/><\/a><\/figure>\n\n\n\n<p>Loin du rail et du mod\u00e9lisme, j&rsquo;ai fait les Jeux (Olympiques) Paris 2024&#8230; en tant que volontaire, affect\u00e9 sur le site GRX (Grand-Palais et Pont Alexandre III, le Comit\u00e9 International Olympique adore les sigles et abr\u00e9viations), dans l&rsquo;\u00e9quipe Support aux Op\u00e9rations Presse.<\/p>\n\n\n\n<p>Photo de l&rsquo;\u00e9quipe Presse devant le Grand Palais, qui h\u00e9bergeait les \u00e9preuves d&rsquo;escrime et de Tae-Kwon-Do. 300 000 candidats, 45 000 volontaires retenus pour les Jeux de 153 nationalit\u00e9s diff\u00e9rentes. Sur GRX, nous \u00e9tions au total 1800 volontaires de (seulement) 93 nationalit\u00e9s pour les 15 jours de comp\u00e9tition.<\/p>\n\n\n\n<figure class=\"wp-block-image size-large is-resized\"><a href=\"https:\/\/www.fdelaitre.org\/wp2\/wp-content\/uploads\/2024\/10\/VST-1_22Jul-scaled.jpg\"><img decoding=\"async\" loading=\"lazy\" src=\"https:\/\/www.fdelaitre.org\/wp2\/wp-content\/uploads\/2024\/10\/VST-1_22Jul-1024x683.jpg\" alt=\"\" class=\"wp-image-89915\" style=\"width:460px;height:307px\" width=\"460\" height=\"307\" srcset=\"https:\/\/www.fdelaitre.org\/wp2\/wp-content\/uploads\/2024\/10\/VST-1_22Jul-1024x683.jpg 1024w, https:\/\/www.fdelaitre.org\/wp2\/wp-content\/uploads\/2024\/10\/VST-1_22Jul-300x200.jpg 300w, https:\/\/www.fdelaitre.org\/wp2\/wp-content\/uploads\/2024\/10\/VST-1_22Jul-768x512.jpg 768w, https:\/\/www.fdelaitre.org\/wp2\/wp-content\/uploads\/2024\/10\/VST-1_22Jul-1536x1024.jpg 1536w, https:\/\/www.fdelaitre.org\/wp2\/wp-content\/uploads\/2024\/10\/VST-1_22Jul-2048x1365.jpg 2048w\" sizes=\"(max-width: 460px) 100vw, 460px\" \/><\/a><\/figure>\n\n\n\n<p>La grande nef Grand-Palais, tout juste r\u00e9nov\u00e9e pour les Jeux. La verri\u00e8re a \u00e9t\u00e9 masqu\u00e9e pour emp\u00eacher les ombres port\u00e9es sur le FoP (Field of Play ou \u00ab\u00a0zone de comp\u00e9tition\u00a0\u00bb).<\/p>\n\n\n\n<figure class=\"wp-block-image size-large\"><a href=\"https:\/\/www.fdelaitre.org\/wp2\/wp-content\/uploads\/2024\/10\/20240803_173239-scaled.jpg\"><img decoding=\"async\" loading=\"lazy\" width=\"1024\" height=\"577\" src=\"https:\/\/www.fdelaitre.org\/wp2\/wp-content\/uploads\/2024\/10\/20240803_173239-1024x577.jpg\" alt=\"\" class=\"wp-image-89917\" srcset=\"https:\/\/www.fdelaitre.org\/wp2\/wp-content\/uploads\/2024\/10\/20240803_173239-1024x577.jpg 1024w, https:\/\/www.fdelaitre.org\/wp2\/wp-content\/uploads\/2024\/10\/20240803_173239-300x169.jpg 300w, https:\/\/www.fdelaitre.org\/wp2\/wp-content\/uploads\/2024\/10\/20240803_173239-768x432.jpg 768w, https:\/\/www.fdelaitre.org\/wp2\/wp-content\/uploads\/2024\/10\/20240803_173239-1536x865.jpg 1536w, https:\/\/www.fdelaitre.org\/wp2\/wp-content\/uploads\/2024\/10\/20240803_173239-2048x1153.jpg 2048w\" sizes=\"(max-width: 1024px) 100vw, 1024px\" \/><\/a><\/figure>\n\n\n\n<p>L&rsquo;arri\u00e8re des tribunes spectateurs \u00e9tait impressionnant, ainsi que les \u00e9normes tuyaux du conditionnement d&rsquo;air (qui rappelaient le film <em>Brazil<\/em> de Terry Gilliam) :<\/p>\n\n\n\n<figure class=\"wp-block-image size-large\"><a href=\"https:\/\/www.fdelaitre.org\/wp2\/wp-content\/uploads\/2024\/10\/20240809_130155-scaled.jpg\"><img decoding=\"async\" loading=\"lazy\" width=\"1024\" height=\"577\" src=\"https:\/\/www.fdelaitre.org\/wp2\/wp-content\/uploads\/2024\/10\/20240809_130155-1024x577.jpg\" alt=\"\" class=\"wp-image-89918\" srcset=\"https:\/\/www.fdelaitre.org\/wp2\/wp-content\/uploads\/2024\/10\/20240809_130155-1024x577.jpg 1024w, https:\/\/www.fdelaitre.org\/wp2\/wp-content\/uploads\/2024\/10\/20240809_130155-300x169.jpg 300w, https:\/\/www.fdelaitre.org\/wp2\/wp-content\/uploads\/2024\/10\/20240809_130155-768x432.jpg 768w, https:\/\/www.fdelaitre.org\/wp2\/wp-content\/uploads\/2024\/10\/20240809_130155-1536x865.jpg 1536w, https:\/\/www.fdelaitre.org\/wp2\/wp-content\/uploads\/2024\/10\/20240809_130155-2048x1153.jpg 2048w\" sizes=\"(max-width: 1024px) 100vw, 1024px\" \/><\/a><\/figure>\n\n\n\n<p>Parmi les responsabilit\u00e9s de l&rsquo;\u00e9quipe Press Operations, nous avions la gestion de la salle de presse (238 places), et r\u00e9pondre aux demandes des journalistes du monde entier. Jamais vu autant de t\u00e9l\u00e9objectifs Canon (300 \u00e0 500mm mini.) regroup\u00e9s au m\u00eame endroit :<\/p>\n\n\n\n<figure class=\"wp-block-image size-large\"><a href=\"https:\/\/www.fdelaitre.org\/wp2\/wp-content\/uploads\/2024\/10\/20240727_171714-scaled.jpg\"><img decoding=\"async\" loading=\"lazy\" width=\"1024\" height=\"577\" src=\"https:\/\/www.fdelaitre.org\/wp2\/wp-content\/uploads\/2024\/10\/20240727_171714-1024x577.jpg\" alt=\"\" class=\"wp-image-89920\" srcset=\"https:\/\/www.fdelaitre.org\/wp2\/wp-content\/uploads\/2024\/10\/20240727_171714-1024x577.jpg 1024w, https:\/\/www.fdelaitre.org\/wp2\/wp-content\/uploads\/2024\/10\/20240727_171714-300x169.jpg 300w, https:\/\/www.fdelaitre.org\/wp2\/wp-content\/uploads\/2024\/10\/20240727_171714-768x432.jpg 768w, https:\/\/www.fdelaitre.org\/wp2\/wp-content\/uploads\/2024\/10\/20240727_171714-1536x865.jpg 1536w, https:\/\/www.fdelaitre.org\/wp2\/wp-content\/uploads\/2024\/10\/20240727_171714-2048x1153.jpg 2048w\" sizes=\"(max-width: 1024px) 100vw, 1024px\" \/><\/a><\/figure>\n\n\n\n<p>Nous avions aussi la responsabilit\u00e9 de la tribune de presse install\u00e9e sur le Pont Alexandre III, ferm\u00e9 et tout de bleu v\u00eatu pour l&rsquo;occasion, ligne d&rsquo;arriv\u00e9e du Triathlon et des courses cyclistes. Vue imprenable sur la Tour Eiffel et la Seine, depuis le haut de la tribune, \u00e0 10m au dessus du pont (ici sous une pluie battante, lors du d\u00e9fil\u00e9 des d\u00e9l\u00e9gations en bateau le 26 juillet pendant la c\u00e9r\u00e9monie d&rsquo;ouverture) :<\/p>\n\n\n\n<figure class=\"wp-block-image size-large\"><a href=\"https:\/\/www.fdelaitre.org\/wp2\/wp-content\/uploads\/2024\/10\/20240726_214557-scaled.jpg\"><img decoding=\"async\" loading=\"lazy\" width=\"1024\" height=\"577\" src=\"https:\/\/www.fdelaitre.org\/wp2\/wp-content\/uploads\/2024\/10\/20240726_214557-1024x577.jpg\" alt=\"\" class=\"wp-image-89921\" srcset=\"https:\/\/www.fdelaitre.org\/wp2\/wp-content\/uploads\/2024\/10\/20240726_214557-1024x577.jpg 1024w, https:\/\/www.fdelaitre.org\/wp2\/wp-content\/uploads\/2024\/10\/20240726_214557-300x169.jpg 300w, https:\/\/www.fdelaitre.org\/wp2\/wp-content\/uploads\/2024\/10\/20240726_214557-768x432.jpg 768w, https:\/\/www.fdelaitre.org\/wp2\/wp-content\/uploads\/2024\/10\/20240726_214557-1536x865.jpg 1536w, https:\/\/www.fdelaitre.org\/wp2\/wp-content\/uploads\/2024\/10\/20240726_214557-2048x1153.jpg 2048w\" sizes=\"(max-width: 1024px) 100vw, 1024px\" \/><\/a><\/figure>\n\n\n\n<p>Le bateau de la d\u00e9l\u00e9gation fran\u00e7aise :<\/p>\n\n\n<div class=\"wp-block-image\">\n<figure class=\"aligncenter size-large is-resized\"><a href=\"https:\/\/www.fdelaitre.org\/wp2\/wp-content\/uploads\/2024\/10\/20240726_214408-scaled.jpg\"><img decoding=\"async\" loading=\"lazy\" src=\"https:\/\/www.fdelaitre.org\/wp2\/wp-content\/uploads\/2024\/10\/20240726_214408-577x1024.jpg\" alt=\"\" class=\"wp-image-89922\" style=\"width:386px;height:685px\" width=\"386\" height=\"685\" srcset=\"https:\/\/www.fdelaitre.org\/wp2\/wp-content\/uploads\/2024\/10\/20240726_214408-577x1024.jpg 577w, https:\/\/www.fdelaitre.org\/wp2\/wp-content\/uploads\/2024\/10\/20240726_214408-169x300.jpg 169w, https:\/\/www.fdelaitre.org\/wp2\/wp-content\/uploads\/2024\/10\/20240726_214408-768x1364.jpg 768w, https:\/\/www.fdelaitre.org\/wp2\/wp-content\/uploads\/2024\/10\/20240726_214408-865x1536.jpg 865w, https:\/\/www.fdelaitre.org\/wp2\/wp-content\/uploads\/2024\/10\/20240726_214408-1153x2048.jpg 1153w, https:\/\/www.fdelaitre.org\/wp2\/wp-content\/uploads\/2024\/10\/20240726_214408-scaled.jpg 1441w\" sizes=\"(max-width: 386px) 100vw, 386px\" \/><\/a><\/figure><\/div>\n\n\n<p>Depuis cette m\u00eame tribune, par beau temps, nous avions une vue splendide sur l&rsquo;esplanade des Invalides, o\u00f9 se d\u00e9roulaient les \u00e9preuves de tir \u00e0 l&rsquo;arc :<\/p>\n\n\n\n<figure class=\"wp-block-image size-large\"><a href=\"https:\/\/www.fdelaitre.org\/wp2\/wp-content\/uploads\/2024\/10\/20240809_093316-scaled.jpg\"><img decoding=\"async\" loading=\"lazy\" width=\"1024\" height=\"577\" src=\"https:\/\/www.fdelaitre.org\/wp2\/wp-content\/uploads\/2024\/10\/20240809_093316-1024x577.jpg\" alt=\"\" class=\"wp-image-89923\" srcset=\"https:\/\/www.fdelaitre.org\/wp2\/wp-content\/uploads\/2024\/10\/20240809_093316-1024x577.jpg 1024w, https:\/\/www.fdelaitre.org\/wp2\/wp-content\/uploads\/2024\/10\/20240809_093316-300x169.jpg 300w, https:\/\/www.fdelaitre.org\/wp2\/wp-content\/uploads\/2024\/10\/20240809_093316-768x432.jpg 768w, https:\/\/www.fdelaitre.org\/wp2\/wp-content\/uploads\/2024\/10\/20240809_093316-1536x865.jpg 1536w, https:\/\/www.fdelaitre.org\/wp2\/wp-content\/uploads\/2024\/10\/20240809_093316-2048x1153.jpg 2048w\" sizes=\"(max-width: 1024px) 100vw, 1024px\" \/><\/a><\/figure>\n\n\n\n<p>Habitant non loin de l\u00e0, j&rsquo;\u00e9tais r\u00e9guli\u00e8rement affect\u00e9 aux <em>shifts<\/em> du soir (16h30-minuit), o\u00f9 nous organisions les conf\u00e9rences de presse avec les m\u00e9daill\u00e9s, ici au milieu l&rsquo;\u00e9quipe de fleuret des USA, m\u00e9daille d&rsquo;or :<\/p>\n\n\n\n<figure class=\"wp-block-image size-large\"><a href=\"https:\/\/www.fdelaitre.org\/wp2\/wp-content\/uploads\/2024\/10\/20240730_230448-scaled.jpg\"><img decoding=\"async\" loading=\"lazy\" width=\"1024\" height=\"577\" src=\"https:\/\/www.fdelaitre.org\/wp2\/wp-content\/uploads\/2024\/10\/20240730_230448-1024x577.jpg\" alt=\"\" class=\"wp-image-89924\" srcset=\"https:\/\/www.fdelaitre.org\/wp2\/wp-content\/uploads\/2024\/10\/20240730_230448-1024x577.jpg 1024w, https:\/\/www.fdelaitre.org\/wp2\/wp-content\/uploads\/2024\/10\/20240730_230448-300x169.jpg 300w, https:\/\/www.fdelaitre.org\/wp2\/wp-content\/uploads\/2024\/10\/20240730_230448-768x432.jpg 768w, https:\/\/www.fdelaitre.org\/wp2\/wp-content\/uploads\/2024\/10\/20240730_230448-1536x865.jpg 1536w, https:\/\/www.fdelaitre.org\/wp2\/wp-content\/uploads\/2024\/10\/20240730_230448-2048x1153.jpg 2048w\" sizes=\"(max-width: 1024px) 100vw, 1024px\" \/><\/a><\/figure>\n\n\n\n<p>A la sortie sur les Champs-Elys\u00e9es vers minuit, la vasque nous attendait, survolant les Tuileries :<\/p>\n\n\n\n<figure class=\"wp-block-image size-large\"><a href=\"https:\/\/www.fdelaitre.org\/wp2\/wp-content\/uploads\/2024\/10\/20240803_231942-scaled.jpg\"><img decoding=\"async\" loading=\"lazy\" width=\"1024\" height=\"577\" src=\"https:\/\/www.fdelaitre.org\/wp2\/wp-content\/uploads\/2024\/10\/20240803_231942-1024x577.jpg\" alt=\"\" class=\"wp-image-89925\" srcset=\"https:\/\/www.fdelaitre.org\/wp2\/wp-content\/uploads\/2024\/10\/20240803_231942-1024x577.jpg 1024w, https:\/\/www.fdelaitre.org\/wp2\/wp-content\/uploads\/2024\/10\/20240803_231942-300x169.jpg 300w, https:\/\/www.fdelaitre.org\/wp2\/wp-content\/uploads\/2024\/10\/20240803_231942-768x432.jpg 768w, https:\/\/www.fdelaitre.org\/wp2\/wp-content\/uploads\/2024\/10\/20240803_231942-1536x865.jpg 1536w, https:\/\/www.fdelaitre.org\/wp2\/wp-content\/uploads\/2024\/10\/20240803_231942-2048x1153.jpg 2048w\" sizes=\"(max-width: 1024px) 100vw, 1024px\" \/><\/a><\/figure>\n\n\n\n<p>15 jours inoubliables \u00e0 Paris&#8230;<\/p>\n<\/div><\/div>","protected":false},"excerpt":{"rendered":"<p>Loin du rail et du mod\u00e9lisme, j&rsquo;ai fait les Jeux (Olympiques) Paris 2024&#8230; en tant que volontaire, affect\u00e9 sur le site GRX (Grand-Palais et Pont Alexandre III, le Comit\u00e9 International Olympique adore les sigles et abr\u00e9viations), dans l&rsquo;\u00e9quipe Support aux Op\u00e9rations Presse. Photo de l&rsquo;\u00e9quipe Presse devant le Grand Palais, qui h\u00e9bergeait les \u00e9preuves d&rsquo;escrime [&hellip;]<\/p>\n","protected":false},"author":2,"featured_media":0,"comment_status":"open","ping_status":"open","sticky":false,"template":"","format":"standard","meta":{"footnotes":""},"categories":[1],"tags":[],"_links":{"self":[{"href":"https:\/\/www.fdelaitre.org\/wp2\/wp-json\/wp\/v2\/posts\/89903"}],"collection":[{"href":"https:\/\/www.fdelaitre.org\/wp2\/wp-json\/wp\/v2\/posts"}],"about":[{"href":"https:\/\/www.fdelaitre.org\/wp2\/wp-json\/wp\/v2\/types\/post"}],"author":[{"embeddable":true,"href":"https:\/\/www.fdelaitre.org\/wp2\/wp-json\/wp\/v2\/users\/2"}],"replies":[{"embeddable":true,"href":"https:\/\/www.fdelaitre.org\/wp2\/wp-json\/wp\/v2\/comments?post=89903"}],"version-history":[{"count":3,"href":"https:\/\/www.fdelaitre.org\/wp2\/wp-json\/wp\/v2\/posts\/89903\/revisions"}],"predecessor-version":[{"id":89927,"href":"https:\/\/www.fdelaitre.org\/wp2\/wp-json\/wp\/v2\/posts\/89903\/revisions\/89927"}],"wp:attachment":[{"href":"https:\/\/www.fdelaitre.org\/wp2\/wp-json\/wp\/v2\/media?parent=89903"}],"wp:term":[{"taxonomy":"category","embeddable":true,"href":"https:\/\/www.fdelaitre.org\/wp2\/wp-json\/wp\/v2\/categories?post=89903"},{"taxonomy":"post_tag","embeddable":true,"href":"https:\/\/www.fdelaitre.org\/wp2\/wp-json\/wp\/v2\/tags?post=89903"}],"curies":[{"name":"wp","href":"https:\/\/api.w.org\/{rel}","templated":true}]}}