{"id":89864,"date":"2024-04-05T17:39:20","date_gmt":"2024-04-05T16:39:20","guid":{"rendered":"https:\/\/www.fdelaitre.org\/wp2\/?p=89864"},"modified":"2024-04-28T17:43:33","modified_gmt":"2024-04-28T16:43:33","slug":"inauguration-du-prolongement-du-tramwayt3b","status":"publish","type":"post","link":"https:\/\/www.fdelaitre.org\/wp2\/2024\/04\/inauguration-du-prolongement-du-tramwayt3b\/","title":{"rendered":"Inauguration du prolongement du tramway T3b"},"content":{"rendered":"<div id=\"dslc-theme-content\"><div id=\"dslc-theme-content-inner\">\n<p>Enfin ! Apr\u00e8s 8 ans de travaux (et peut-\u00eatre autant d&rsquo;\u00e9tudes ?) le prolongement du tramway T3b de Porte d&rsquo;Asni\u00e8res \u00e0 Porte Dauphine a \u00e9t\u00e9 inaugur\u00e9 ce jour, vendredi 5 avril 2024. <\/p>\n\n\n\n<p>Le tramway inaugural transportant les huiles arrive sous bonne escorte polici\u00e8re devant l&rsquo;Universit\u00e9 porte Dauphine :<\/p>\n\n\n\n<figure class=\"wp-block-image size-large\"><a href=\"https:\/\/www.fdelaitre.org\/wp2\/wp-content\/uploads\/2024\/04\/Tramway-inaugural-1.jpg\"><img decoding=\"async\" loading=\"lazy\" width=\"1024\" height=\"665\" src=\"https:\/\/www.fdelaitre.org\/wp2\/wp-content\/uploads\/2024\/04\/Tramway-inaugural-1-1024x665.jpg\" alt=\"\" class=\"wp-image-89866\" srcset=\"https:\/\/www.fdelaitre.org\/wp2\/wp-content\/uploads\/2024\/04\/Tramway-inaugural-1-1024x665.jpg 1024w, https:\/\/www.fdelaitre.org\/wp2\/wp-content\/uploads\/2024\/04\/Tramway-inaugural-1-300x195.jpg 300w, https:\/\/www.fdelaitre.org\/wp2\/wp-content\/uploads\/2024\/04\/Tramway-inaugural-1-768x499.jpg 768w, https:\/\/www.fdelaitre.org\/wp2\/wp-content\/uploads\/2024\/04\/Tramway-inaugural-1.jpg 1043w\" sizes=\"(max-width: 1024px) 100vw, 1024px\" \/><\/a><\/figure>\n\n\n\n<p>Discours inaugural, et s\u00e9ance d&rsquo;auto-congratulation des <em>politicos<\/em> (\u00ab\u00a0il a \u00e9t\u00e9 r\u00e9alis\u00e9 dans les temps et dans le budget\u00a0\u00bb &#8211; \u00e0 v\u00e9rifier). De gauche \u00e0 droite : X&#8230; repr\u00e9sentante de l&rsquo;Union Europ\u00e9enne (faut bien que les fonctionnaires de Bruxelles s&rsquo;occupent), Geoffroy Boulard &#8211; maire du 17e arrondissement, Val\u00e9rie P\u00e9cresse &#8211; pr\u00e9sidente de la r\u00e9gion \u00cele de France, Anne Hidalgo, maire de Paris, Jean Castaix &#8211; ancien Premier Ministre et pr\u00e9sident de la RATP, J\u00e9r\u00e9my Redler &#8211; maire du 16e arrondissement, Patrick Vergriete &#8211; sous-ministre des transports (et des gr\u00e8ves), X. repr\u00e9sentante du pr\u00e9fet de Paris (mais o\u00f9 vont-ils chercher leurs chapeaux dans la pr\u00e9fectorale ?), Y. la chauffeuse de salle.  <\/p>\n\n\n\n<figure class=\"wp-block-image size-large\"><a href=\"https:\/\/www.fdelaitre.org\/wp2\/wp-content\/uploads\/2024\/04\/Politicos.jpg\"><img decoding=\"async\" loading=\"lazy\" width=\"1024\" height=\"393\" src=\"https:\/\/www.fdelaitre.org\/wp2\/wp-content\/uploads\/2024\/04\/Politicos-1024x393.jpg\" alt=\"\" class=\"wp-image-89867\" srcset=\"https:\/\/www.fdelaitre.org\/wp2\/wp-content\/uploads\/2024\/04\/Politicos-1024x393.jpg 1024w, https:\/\/www.fdelaitre.org\/wp2\/wp-content\/uploads\/2024\/04\/Politicos-300x115.jpg 300w, https:\/\/www.fdelaitre.org\/wp2\/wp-content\/uploads\/2024\/04\/Politicos-768x295.jpg 768w, https:\/\/www.fdelaitre.org\/wp2\/wp-content\/uploads\/2024\/04\/Politicos-1536x589.jpg 1536w, https:\/\/www.fdelaitre.org\/wp2\/wp-content\/uploads\/2024\/04\/Politicos.jpg 1734w\" sizes=\"(max-width: 1024px) 100vw, 1024px\" \/><\/a><\/figure>\n\n\n\n<p>A mon tour en fin d&rsquo;apr\u00e8s-midi de faire mon inauguration personnelle du tron\u00e7on Porte Maillot (une porte qui est tr\u00e8s g\u00e2t\u00e9e : apr\u00e8s le T3b, elle accueillera le 7 mai 2024 le prolongement d&rsquo;EOLE depuis St Lazare) jusqu&rsquo;\u00e0 Porte Dauphine.<\/p>\n\n\n\n<p><strong><em>Boulevard Gouvion Saint-Cyr &#8211; \u00e0 gauche le Palais des Congr\u00e8s, \u00e0 droite la gare du RER C<\/em><\/strong> :<\/p>\n\n\n\n<figure class=\"wp-block-image size-large\"><a href=\"https:\/\/www.fdelaitre.org\/wp2\/wp-content\/uploads\/2024\/04\/20240405_183526-scaled.jpg\"><img decoding=\"async\" loading=\"lazy\" width=\"1024\" height=\"473\" src=\"https:\/\/www.fdelaitre.org\/wp2\/wp-content\/uploads\/2024\/04\/20240405_183526-1024x473.jpg\" alt=\"\" class=\"wp-image-89868\" srcset=\"https:\/\/www.fdelaitre.org\/wp2\/wp-content\/uploads\/2024\/04\/20240405_183526-1024x473.jpg 1024w, https:\/\/www.fdelaitre.org\/wp2\/wp-content\/uploads\/2024\/04\/20240405_183526-300x139.jpg 300w, https:\/\/www.fdelaitre.org\/wp2\/wp-content\/uploads\/2024\/04\/20240405_183526-768x355.jpg 768w, https:\/\/www.fdelaitre.org\/wp2\/wp-content\/uploads\/2024\/04\/20240405_183526-1536x710.jpg 1536w, https:\/\/www.fdelaitre.org\/wp2\/wp-content\/uploads\/2024\/04\/20240405_183526-2048x946.jpg 2048w\" sizes=\"(max-width: 1024px) 100vw, 1024px\" \/><\/a><\/figure>\n\n\n\n<p><strong><em>Porte Dauphine &#8211; \u00e0 droite la gare Avenue Foch du RER C<\/em><\/strong> :<\/p>\n\n\n\n<figure class=\"wp-block-image size-large\"><a href=\"https:\/\/www.fdelaitre.org\/wp2\/wp-content\/uploads\/2024\/04\/20240405_184127-scaled.jpg\"><img decoding=\"async\" loading=\"lazy\" width=\"1024\" height=\"473\" src=\"https:\/\/www.fdelaitre.org\/wp2\/wp-content\/uploads\/2024\/04\/20240405_184127-1024x473.jpg\" alt=\"\" class=\"wp-image-89870\" srcset=\"https:\/\/www.fdelaitre.org\/wp2\/wp-content\/uploads\/2024\/04\/20240405_184127-1024x473.jpg 1024w, https:\/\/www.fdelaitre.org\/wp2\/wp-content\/uploads\/2024\/04\/20240405_184127-300x139.jpg 300w, https:\/\/www.fdelaitre.org\/wp2\/wp-content\/uploads\/2024\/04\/20240405_184127-768x355.jpg 768w, https:\/\/www.fdelaitre.org\/wp2\/wp-content\/uploads\/2024\/04\/20240405_184127-1536x710.jpg 1536w, https:\/\/www.fdelaitre.org\/wp2\/wp-content\/uploads\/2024\/04\/20240405_184127-2048x946.jpg 2048w\" sizes=\"(max-width: 1024px) 100vw, 1024px\" \/><\/a><\/figure>\n\n\n\n<p><strong><em>Le terminus Porte Dauphine, \u00e0 droite devant l&rsquo;universit\u00e9 le bus PC assurant la correspondance en direction du Pont du Garigliano :<\/em><\/strong><\/p>\n\n\n\n<figure class=\"wp-block-image size-large\"><a href=\"https:\/\/www.fdelaitre.org\/wp2\/wp-content\/uploads\/2024\/04\/20240405_184244-scaled.jpg\"><img decoding=\"async\" loading=\"lazy\" width=\"1024\" height=\"473\" src=\"https:\/\/www.fdelaitre.org\/wp2\/wp-content\/uploads\/2024\/04\/20240405_184244-1024x473.jpg\" alt=\"\" class=\"wp-image-89871\" srcset=\"https:\/\/www.fdelaitre.org\/wp2\/wp-content\/uploads\/2024\/04\/20240405_184244-1024x473.jpg 1024w, https:\/\/www.fdelaitre.org\/wp2\/wp-content\/uploads\/2024\/04\/20240405_184244-300x139.jpg 300w, https:\/\/www.fdelaitre.org\/wp2\/wp-content\/uploads\/2024\/04\/20240405_184244-768x355.jpg 768w, https:\/\/www.fdelaitre.org\/wp2\/wp-content\/uploads\/2024\/04\/20240405_184244-1536x710.jpg 1536w, https:\/\/www.fdelaitre.org\/wp2\/wp-content\/uploads\/2024\/04\/20240405_184244-2048x946.jpg 2048w\" sizes=\"(max-width: 1024px) 100vw, 1024px\" \/><\/a><\/figure>\n\n\n\n<p>Scoop : au cours de leur discours, V. P\u00e9cresse et J. Castaix ont d\u00e9clar\u00e9 vouloir prolonger le T3b de Porte Dauphine \u00e0 Pont du Garigliano et ainsi \u00ab\u00a0boucler la boucle\u00a0\u00bb. Rendez-vous donc en 2032, avec &#8211; qui sait, soyons optimistes &#8211; dans un premier temps le prolongement Dauphine-porte de la Muette&#8230;<\/p>\n\n\n\n<p>Voir aussi sur ce Blog :  <a href=\"https:\/\/www.fdelaitre.org\/wp2\/2023\/09\/\">le prolongement du T3b \u00e0 Porte Dauphine<\/a> (septembre 2023).<\/p>\n<\/div><\/div>","protected":false},"excerpt":{"rendered":"<p>Enfin ! Apr\u00e8s 8 ans de travaux (et peut-\u00eatre autant d&rsquo;\u00e9tudes ?) le prolongement du tramway T3b de Porte d&rsquo;Asni\u00e8res \u00e0 Porte Dauphine a \u00e9t\u00e9 inaugur\u00e9 ce jour, vendredi 5 avril 2024. Le tramway inaugural transportant les huiles arrive sous bonne escorte polici\u00e8re devant l&rsquo;Universit\u00e9 porte Dauphine : Discours inaugural, et s\u00e9ance d&rsquo;auto-congratulation des politicos [&hellip;]<\/p>\n","protected":false},"author":2,"featured_media":0,"comment_status":"open","ping_status":"open","sticky":false,"template":"","format":"standard","meta":{"footnotes":""},"categories":[6,3],"tags":[],"_links":{"self":[{"href":"https:\/\/www.fdelaitre.org\/wp2\/wp-json\/wp\/v2\/posts\/89864"}],"collection":[{"href":"https:\/\/www.fdelaitre.org\/wp2\/wp-json\/wp\/v2\/posts"}],"about":[{"href":"https:\/\/www.fdelaitre.org\/wp2\/wp-json\/wp\/v2\/types\/post"}],"author":[{"embeddable":true,"href":"https:\/\/www.fdelaitre.org\/wp2\/wp-json\/wp\/v2\/users\/2"}],"replies":[{"embeddable":true,"href":"https:\/\/www.fdelaitre.org\/wp2\/wp-json\/wp\/v2\/comments?post=89864"}],"version-history":[{"count":5,"href":"https:\/\/www.fdelaitre.org\/wp2\/wp-json\/wp\/v2\/posts\/89864\/revisions"}],"predecessor-version":[{"id":89875,"href":"https:\/\/www.fdelaitre.org\/wp2\/wp-json\/wp\/v2\/posts\/89864\/revisions\/89875"}],"wp:attachment":[{"href":"https:\/\/www.fdelaitre.org\/wp2\/wp-json\/wp\/v2\/media?parent=89864"}],"wp:term":[{"taxonomy":"category","embeddable":true,"href":"https:\/\/www.fdelaitre.org\/wp2\/wp-json\/wp\/v2\/categories?post=89864"},{"taxonomy":"post_tag","embeddable":true,"href":"https:\/\/www.fdelaitre.org\/wp2\/wp-json\/wp\/v2\/tags?post=89864"}],"curies":[{"name":"wp","href":"https:\/\/api.w.org\/{rel}","templated":true}]}}