{"id":89859,"date":"2024-04-27T18:21:15","date_gmt":"2024-04-27T17:21:15","guid":{"rendered":"https:\/\/www.fdelaitre.org\/wp2\/?p=89859"},"modified":"2024-05-01T10:22:29","modified_gmt":"2024-05-01T09:22:29","slug":"signaletique-ratp","status":"publish","type":"post","link":"https:\/\/www.fdelaitre.org\/wp2\/2024\/04\/signaletique-ratp\/","title":{"rendered":"Signal\u00e9tique RATP"},"content":{"rendered":"<div id=\"dslc-theme-content\"><div id=\"dslc-theme-content-inner\">\n<p>Grande op\u00e9ration sur le r\u00e9seau m\u00e9tro urbain RATP : le changement syst\u00e9matique des afficheurs annon\u00e7ant le temps d&rsquo;attente pour le(s) prochain(s) trains; un changement qui semble concerner toutes les lignes.<br><strong>Avant :<\/strong> (station Trocad\u00e9ro, 9, le 14 mars 2024)<\/p>\n\n\n\n<figure class=\"wp-block-image size-full\"><a href=\"https:\/\/www.fdelaitre.org\/wp2\/wp-content\/uploads\/2024\/04\/Ancien-afficheur-L9.jpg\"><img decoding=\"async\" loading=\"lazy\" width=\"877\" height=\"387\" src=\"https:\/\/www.fdelaitre.org\/wp2\/wp-content\/uploads\/2024\/04\/Ancien-afficheur-L9.jpg\" alt=\"\" class=\"wp-image-89861\" srcset=\"https:\/\/www.fdelaitre.org\/wp2\/wp-content\/uploads\/2024\/04\/Ancien-afficheur-L9.jpg 877w, https:\/\/www.fdelaitre.org\/wp2\/wp-content\/uploads\/2024\/04\/Ancien-afficheur-L9-300x132.jpg 300w, https:\/\/www.fdelaitre.org\/wp2\/wp-content\/uploads\/2024\/04\/Ancien-afficheur-L9-768x339.jpg 768w\" sizes=\"(max-width: 877px) 100vw, 877px\" \/><\/a><\/figure>\n\n\n\n<p><strong>Apr\u00e8s : <\/strong>(station Rue de la Pompe, 9<strong>)<\/strong><\/p>\n\n\n\n<figure class=\"wp-block-image size-large\"><a href=\"https:\/\/www.fdelaitre.org\/wp2\/wp-content\/uploads\/2024\/04\/20240411_103030-scaled.jpg\"><img decoding=\"async\" loading=\"lazy\" width=\"1024\" height=\"473\" src=\"https:\/\/www.fdelaitre.org\/wp2\/wp-content\/uploads\/2024\/04\/20240411_103030-1024x473.jpg\" alt=\"\" class=\"wp-image-89860\" srcset=\"https:\/\/www.fdelaitre.org\/wp2\/wp-content\/uploads\/2024\/04\/20240411_103030-1024x473.jpg 1024w, https:\/\/www.fdelaitre.org\/wp2\/wp-content\/uploads\/2024\/04\/20240411_103030-300x139.jpg 300w, https:\/\/www.fdelaitre.org\/wp2\/wp-content\/uploads\/2024\/04\/20240411_103030-768x355.jpg 768w, https:\/\/www.fdelaitre.org\/wp2\/wp-content\/uploads\/2024\/04\/20240411_103030-1536x710.jpg 1536w, https:\/\/www.fdelaitre.org\/wp2\/wp-content\/uploads\/2024\/04\/20240411_103030-2048x946.jpg 2048w\" sizes=\"(max-width: 1024px) 100vw, 1024px\" \/><\/a><\/figure>\n\n\n\n<p>Le nouveau mod\u00e8le est beaucoup plus lisible, surtout de loin, en bout de quai. <\/p>\n\n\n\n<p>A noter le changement d&rsquo;appellation : \u00ab\u00a01er\/2e <strong>train<\/strong>\u00a0\u00bb a \u00e9t\u00e9 remplac\u00e9 par \u00ab\u00a01er\/2e <strong>m\u00e9tro<\/strong>\u00a0\u00bb (plus compr\u00e9hensible internationalement ?).  <br><br>Autre avantage : l&rsquo;\u00e9cran peut \u00eatre reconfigur\u00e9 dynamiquement pour afficher des messages :<\/p>\n\n\n\n<figure class=\"wp-block-image size-large\"><a href=\"https:\/\/www.fdelaitre.org\/wp2\/wp-content\/uploads\/2024\/05\/Afficheur-etendu-1.jpg\"><img decoding=\"async\" loading=\"lazy\" width=\"1024\" height=\"495\" src=\"https:\/\/www.fdelaitre.org\/wp2\/wp-content\/uploads\/2024\/05\/Afficheur-etendu-1-1024x495.jpg\" alt=\"\" class=\"wp-image-89878\" srcset=\"https:\/\/www.fdelaitre.org\/wp2\/wp-content\/uploads\/2024\/05\/Afficheur-etendu-1-1024x495.jpg 1024w, https:\/\/www.fdelaitre.org\/wp2\/wp-content\/uploads\/2024\/05\/Afficheur-etendu-1-300x145.jpg 300w, https:\/\/www.fdelaitre.org\/wp2\/wp-content\/uploads\/2024\/05\/Afficheur-etendu-1-768x371.jpg 768w, https:\/\/www.fdelaitre.org\/wp2\/wp-content\/uploads\/2024\/05\/Afficheur-etendu-1-1536x742.jpg 1536w, https:\/\/www.fdelaitre.org\/wp2\/wp-content\/uploads\/2024\/05\/Afficheur-etendu-1.jpg 1569w\" sizes=\"(max-width: 1024px) 100vw, 1024px\" \/><\/a><\/figure>\n\n\n\n<p>Toujours la signal\u00e9tique : \u00e0 Pont de S\u00e8vres, 9, on annonce d\u00e9j\u00e0 la correspondance avec la ligne 15 :<\/p>\n\n\n\n<figure class=\"wp-block-image size-large\"><a href=\"https:\/\/www.fdelaitre.org\/wp2\/wp-content\/uploads\/2024\/04\/20240411_104617-scaled.jpg\"><img decoding=\"async\" loading=\"lazy\" width=\"1024\" height=\"473\" src=\"https:\/\/www.fdelaitre.org\/wp2\/wp-content\/uploads\/2024\/04\/20240411_104617-1024x473.jpg\" alt=\"\" class=\"wp-image-89862\" srcset=\"https:\/\/www.fdelaitre.org\/wp2\/wp-content\/uploads\/2024\/04\/20240411_104617-1024x473.jpg 1024w, https:\/\/www.fdelaitre.org\/wp2\/wp-content\/uploads\/2024\/04\/20240411_104617-300x139.jpg 300w, https:\/\/www.fdelaitre.org\/wp2\/wp-content\/uploads\/2024\/04\/20240411_104617-768x355.jpg 768w, https:\/\/www.fdelaitre.org\/wp2\/wp-content\/uploads\/2024\/04\/20240411_104617-1536x710.jpg 1536w, https:\/\/www.fdelaitre.org\/wp2\/wp-content\/uploads\/2024\/04\/20240411_104617-2048x946.jpg 2048w\" sizes=\"(max-width: 1024px) 100vw, 1024px\" \/><\/a><\/figure>\n\n\n\n<p>Il va quand m\u00eame falloir se montrer patient, la ligne 15 devant \u00eatre inaugur\u00e9e fin 2025 (tron\u00e7on Pont de S\u00e8vres-Noisy Champs). Quand \u00e0 la sortie 1 \u00ab\u00a0Ile Seguin\u00a0\u00bb, les acc\u00e8s et le b\u00e2timent en surface, c\u00f4t\u00e9 tours Citylights, ne sont pas encore construits&#8230;<\/p>\n<\/div><\/div>","protected":false},"excerpt":{"rendered":"<p>Grande op\u00e9ration sur le r\u00e9seau m\u00e9tro urbain RATP : le changement syst\u00e9matique des afficheurs annon\u00e7ant le temps d&rsquo;attente pour le(s) prochain(s) trains; un changement qui semble concerner toutes les lignes.Avant : (station Trocad\u00e9ro, 9, le 14 mars 2024) Apr\u00e8s : (station Rue de la Pompe, 9) Le nouveau mod\u00e8le est beaucoup plus lisible, surtout de [&hellip;]<\/p>\n","protected":false},"author":2,"featured_media":0,"comment_status":"open","ping_status":"open","sticky":false,"template":"","format":"standard","meta":{"footnotes":""},"categories":[6,3],"tags":[],"_links":{"self":[{"href":"https:\/\/www.fdelaitre.org\/wp2\/wp-json\/wp\/v2\/posts\/89859"}],"collection":[{"href":"https:\/\/www.fdelaitre.org\/wp2\/wp-json\/wp\/v2\/posts"}],"about":[{"href":"https:\/\/www.fdelaitre.org\/wp2\/wp-json\/wp\/v2\/types\/post"}],"author":[{"embeddable":true,"href":"https:\/\/www.fdelaitre.org\/wp2\/wp-json\/wp\/v2\/users\/2"}],"replies":[{"embeddable":true,"href":"https:\/\/www.fdelaitre.org\/wp2\/wp-json\/wp\/v2\/comments?post=89859"}],"version-history":[{"count":4,"href":"https:\/\/www.fdelaitre.org\/wp2\/wp-json\/wp\/v2\/posts\/89859\/revisions"}],"predecessor-version":[{"id":89880,"href":"https:\/\/www.fdelaitre.org\/wp2\/wp-json\/wp\/v2\/posts\/89859\/revisions\/89880"}],"wp:attachment":[{"href":"https:\/\/www.fdelaitre.org\/wp2\/wp-json\/wp\/v2\/media?parent=89859"}],"wp:term":[{"taxonomy":"category","embeddable":true,"href":"https:\/\/www.fdelaitre.org\/wp2\/wp-json\/wp\/v2\/categories?post=89859"},{"taxonomy":"post_tag","embeddable":true,"href":"https:\/\/www.fdelaitre.org\/wp2\/wp-json\/wp\/v2\/tags?post=89859"}],"curies":[{"name":"wp","href":"https:\/\/api.w.org\/{rel}","templated":true}]}}