{"id":89851,"date":"2024-03-31T17:51:25","date_gmt":"2024-03-31T16:51:25","guid":{"rendered":"https:\/\/www.fdelaitre.org\/wp2\/?p=89851"},"modified":"2025-02-17T14:26:48","modified_gmt":"2025-02-17T13:26:48","slug":"le-luxembourg-apres-la-pluie","status":"publish","type":"post","link":"https:\/\/www.fdelaitre.org\/wp2\/2024\/03\/le-luxembourg-apres-la-pluie\/","title":{"rendered":"Le Luxembourg apr\u00e8s la pluie"},"content":{"rendered":"<div id=\"dslc-theme-content\"><div id=\"dslc-theme-content-inner\">\n<figure class=\"wp-block-image size-large\"><a href=\"https:\/\/www.fdelaitre.org\/wp2\/wp-content\/uploads\/2024\/03\/20240331_162631-scaled.jpg\"><img decoding=\"async\" loading=\"lazy\" width=\"1024\" height=\"473\" src=\"https:\/\/www.fdelaitre.org\/wp2\/wp-content\/uploads\/2024\/03\/20240331_162631-1024x473.jpg\" alt=\"\" class=\"wp-image-89852\" srcset=\"https:\/\/www.fdelaitre.org\/wp2\/wp-content\/uploads\/2024\/03\/20240331_162631-1024x473.jpg 1024w, https:\/\/www.fdelaitre.org\/wp2\/wp-content\/uploads\/2024\/03\/20240331_162631-300x139.jpg 300w, https:\/\/www.fdelaitre.org\/wp2\/wp-content\/uploads\/2024\/03\/20240331_162631-768x355.jpg 768w, https:\/\/www.fdelaitre.org\/wp2\/wp-content\/uploads\/2024\/03\/20240331_162631-1536x710.jpg 1536w, https:\/\/www.fdelaitre.org\/wp2\/wp-content\/uploads\/2024\/03\/20240331_162631-2048x946.jpg 2048w\" sizes=\"(max-width: 1024px) 100vw, 1024px\" \/><\/a><\/figure>\n\n\n\n<p><\/p>\n\n\n\n<figure class=\"wp-block-image size-large\"><a href=\"https:\/\/www.fdelaitre.org\/wp2\/wp-content\/uploads\/2024\/03\/20240331_163124-scaled.jpg\"><img decoding=\"async\" loading=\"lazy\" width=\"1024\" height=\"473\" src=\"https:\/\/www.fdelaitre.org\/wp2\/wp-content\/uploads\/2024\/03\/20240331_163124-1024x473.jpg\" alt=\"\" class=\"wp-image-89856\" srcset=\"https:\/\/www.fdelaitre.org\/wp2\/wp-content\/uploads\/2024\/03\/20240331_163124-1024x473.jpg 1024w, https:\/\/www.fdelaitre.org\/wp2\/wp-content\/uploads\/2024\/03\/20240331_163124-300x139.jpg 300w, https:\/\/www.fdelaitre.org\/wp2\/wp-content\/uploads\/2024\/03\/20240331_163124-768x355.jpg 768w, https:\/\/www.fdelaitre.org\/wp2\/wp-content\/uploads\/2024\/03\/20240331_163124-1536x710.jpg 1536w, https:\/\/www.fdelaitre.org\/wp2\/wp-content\/uploads\/2024\/03\/20240331_163124-2048x946.jpg 2048w\" sizes=\"(max-width: 1024px) 100vw, 1024px\" \/><\/a><\/figure>\n\n\n\n<p>Non loin de l\u00e0, la gare du Luxembourg, vue ici du temps du Paris-Orl\u00e9ans (de nos jours RER B, station \u00ab\u00a0Luxembourg S\u00e9nat\u00a0\u00bb) :<\/p>\n\n\n\n<figure class=\"wp-block-image size-large\"><a href=\"https:\/\/www.fdelaitre.org\/wp2\/wp-content\/uploads\/2024\/03\/Gare-du-Luxembourg.jpg\"><img decoding=\"async\" loading=\"lazy\" width=\"1024\" height=\"659\" src=\"https:\/\/www.fdelaitre.org\/wp2\/wp-content\/uploads\/2024\/03\/Gare-du-Luxembourg-1024x659.jpg\" alt=\"\" class=\"wp-image-89855\" srcset=\"https:\/\/www.fdelaitre.org\/wp2\/wp-content\/uploads\/2024\/03\/Gare-du-Luxembourg-1024x659.jpg 1024w, https:\/\/www.fdelaitre.org\/wp2\/wp-content\/uploads\/2024\/03\/Gare-du-Luxembourg-300x193.jpg 300w, https:\/\/www.fdelaitre.org\/wp2\/wp-content\/uploads\/2024\/03\/Gare-du-Luxembourg-768x494.jpg 768w, https:\/\/www.fdelaitre.org\/wp2\/wp-content\/uploads\/2024\/03\/Gare-du-Luxembourg.jpg 1386w\" sizes=\"(max-width: 1024px) 100vw, 1024px\" \/><\/a><\/figure>\n\n\n\n<figure class=\"wp-block-image size-full\"><a href=\"https:\/\/www.fdelaitre.org\/wp2\/wp-content\/uploads\/2025\/02\/Coupe_station_Luxembourg.jpg\"><img decoding=\"async\" loading=\"lazy\" width=\"827\" height=\"690\" src=\"https:\/\/www.fdelaitre.org\/wp2\/wp-content\/uploads\/2025\/02\/Coupe_station_Luxembourg.jpg\" alt=\"\" class=\"wp-image-89983\" srcset=\"https:\/\/www.fdelaitre.org\/wp2\/wp-content\/uploads\/2025\/02\/Coupe_station_Luxembourg.jpg 827w, https:\/\/www.fdelaitre.org\/wp2\/wp-content\/uploads\/2025\/02\/Coupe_station_Luxembourg-300x250.jpg 300w, https:\/\/www.fdelaitre.org\/wp2\/wp-content\/uploads\/2025\/02\/Coupe_station_Luxembourg-768x641.jpg 768w\" sizes=\"(max-width: 827px) 100vw, 827px\" \/><\/a><figcaption class=\"wp-element-caption\"><strong><em>Vue en coupe de la station Luxembourg au temps du Paris-Orl\u00e9ans (et de la vapeur, notez les chemin\u00e9es d&rsquo;\u00e9vacuation en plein milieu du Boulevard St. Michel !<\/em><\/strong>). <br>Source :<em> Le G\u00e9nie Civil <\/em>du 24 janvier 1891.<\/figcaption><\/figure>\n\n\n\n<p>Joyeuses P\u00e2ques \u00e0 tous !<\/p>\n<\/div><\/div>","protected":false},"excerpt":{"rendered":"<p>Non loin de l\u00e0, la gare du Luxembourg, vue ici du temps du Paris-Orl\u00e9ans (de nos jours RER B, station \u00ab\u00a0Luxembourg S\u00e9nat\u00a0\u00bb) : Joyeuses P\u00e2ques \u00e0 tous !<\/p>\n","protected":false},"author":2,"featured_media":0,"comment_status":"open","ping_status":"open","sticky":false,"template":"","format":"standard","meta":{"footnotes":""},"categories":[6],"tags":[],"_links":{"self":[{"href":"https:\/\/www.fdelaitre.org\/wp2\/wp-json\/wp\/v2\/posts\/89851"}],"collection":[{"href":"https:\/\/www.fdelaitre.org\/wp2\/wp-json\/wp\/v2\/posts"}],"about":[{"href":"https:\/\/www.fdelaitre.org\/wp2\/wp-json\/wp\/v2\/types\/post"}],"author":[{"embeddable":true,"href":"https:\/\/www.fdelaitre.org\/wp2\/wp-json\/wp\/v2\/users\/2"}],"replies":[{"embeddable":true,"href":"https:\/\/www.fdelaitre.org\/wp2\/wp-json\/wp\/v2\/comments?post=89851"}],"version-history":[{"count":6,"href":"https:\/\/www.fdelaitre.org\/wp2\/wp-json\/wp\/v2\/posts\/89851\/revisions"}],"predecessor-version":[{"id":89986,"href":"https:\/\/www.fdelaitre.org\/wp2\/wp-json\/wp\/v2\/posts\/89851\/revisions\/89986"}],"wp:attachment":[{"href":"https:\/\/www.fdelaitre.org\/wp2\/wp-json\/wp\/v2\/media?parent=89851"}],"wp:term":[{"taxonomy":"category","embeddable":true,"href":"https:\/\/www.fdelaitre.org\/wp2\/wp-json\/wp\/v2\/categories?post=89851"},{"taxonomy":"post_tag","embeddable":true,"href":"https:\/\/www.fdelaitre.org\/wp2\/wp-json\/wp\/v2\/tags?post=89851"}],"curies":[{"name":"wp","href":"https:\/\/api.w.org\/{rel}","templated":true}]}}