{"id":89812,"date":"2024-01-21T19:40:33","date_gmt":"2024-01-21T18:40:33","guid":{"rendered":"https:\/\/www.fdelaitre.org\/wp2\/?p=89812"},"modified":"2024-01-21T19:40:33","modified_gmt":"2024-01-21T18:40:33","slug":"broc-fabrique-la-messe-est-dite","status":"publish","type":"post","link":"https:\/\/www.fdelaitre.org\/wp2\/2024\/01\/broc-fabrique-la-messe-est-dite\/","title":{"rendered":"Broc-Fabrique : la messe est dite !"},"content":{"rendered":"<div id=\"dslc-theme-content\"><div id=\"dslc-theme-content-inner\">\n<p>De passage \u00e0 Broc-Fabrique (FR) en d\u00e9cembre : les travaux de mise \u00e0 voie normale du tron\u00e7on Bulle-Broc sont achev\u00e9s. Rebaptis\u00e9e pour l&rsquo;occasion \u00ab\u00a0Broc-Chocolaterie\u00a0\u00bb, la gare &#8211; devenue \u00ab\u00a0style RER\u00a0\u00bb sans \u00e2me &#8211; accueille d\u00e9sormais sur deux voies \u00e0 quai les automotrices RBDe 560 en provenance de Berne ou D\u00fcdingen (pas de train direct le dimanche,  changement \u00e0 Fribourg obligatoire). <\/p>\n\n\n\n<figure class=\"wp-block-image size-large is-resized\"><a href=\"https:\/\/www.fdelaitre.org\/wp2\/wp-content\/uploads\/2024\/01\/20231227_113105_DxO-scaled.jpg\"><img decoding=\"async\" loading=\"lazy\" src=\"https:\/\/www.fdelaitre.org\/wp2\/wp-content\/uploads\/2024\/01\/20231227_113105_DxO-1024x473.jpg\" alt=\"\" class=\"wp-image-89815\" style=\"width:631px;height:291px\" width=\"631\" height=\"291\" srcset=\"https:\/\/www.fdelaitre.org\/wp2\/wp-content\/uploads\/2024\/01\/20231227_113105_DxO-1024x473.jpg 1024w, https:\/\/www.fdelaitre.org\/wp2\/wp-content\/uploads\/2024\/01\/20231227_113105_DxO-300x139.jpg 300w, https:\/\/www.fdelaitre.org\/wp2\/wp-content\/uploads\/2024\/01\/20231227_113105_DxO-768x355.jpg 768w, https:\/\/www.fdelaitre.org\/wp2\/wp-content\/uploads\/2024\/01\/20231227_113105_DxO-1536x710.jpg 1536w, https:\/\/www.fdelaitre.org\/wp2\/wp-content\/uploads\/2024\/01\/20231227_113105_DxO-2048x946.jpg 2048w\" sizes=\"(max-width: 631px) 100vw, 631px\" \/><\/a><\/figure>\n\n\n\n<figure class=\"wp-block-image size-large is-resized\"><a href=\"https:\/\/www.fdelaitre.org\/wp2\/wp-content\/uploads\/2024\/01\/20231227_113019_DxO-scaled.jpg\"><img decoding=\"async\" loading=\"lazy\" src=\"https:\/\/www.fdelaitre.org\/wp2\/wp-content\/uploads\/2024\/01\/20231227_113019_DxO-1024x473.jpg\" alt=\"\" class=\"wp-image-89816\" style=\"width:632px;height:292px\" width=\"632\" height=\"292\" srcset=\"https:\/\/www.fdelaitre.org\/wp2\/wp-content\/uploads\/2024\/01\/20231227_113019_DxO-1024x473.jpg 1024w, https:\/\/www.fdelaitre.org\/wp2\/wp-content\/uploads\/2024\/01\/20231227_113019_DxO-300x139.jpg 300w, https:\/\/www.fdelaitre.org\/wp2\/wp-content\/uploads\/2024\/01\/20231227_113019_DxO-768x355.jpg 768w, https:\/\/www.fdelaitre.org\/wp2\/wp-content\/uploads\/2024\/01\/20231227_113019_DxO-1536x710.jpg 1536w, https:\/\/www.fdelaitre.org\/wp2\/wp-content\/uploads\/2024\/01\/20231227_113019_DxO-2048x946.jpg 2048w\" sizes=\"(max-width: 632px) 100vw, 632px\" \/><\/a><\/figure>\n\n\n\n<p>Les derniers vestiges de la voie m\u00e9trique \u00e0 l&rsquo;entr\u00e9e de l&rsquo;usine Cailler (combien de camions pour assurer la desserte de l&rsquo;usine d\u00e9sormais ?) :<\/p>\n\n\n\n<figure class=\"wp-block-image size-large is-resized\"><a href=\"https:\/\/www.fdelaitre.org\/wp2\/wp-content\/uploads\/2024\/01\/20231227_112927_DxO-scaled.jpg\"><img decoding=\"async\" loading=\"lazy\" src=\"https:\/\/www.fdelaitre.org\/wp2\/wp-content\/uploads\/2024\/01\/20231227_112927_DxO-473x1024.jpg\" alt=\"\" class=\"wp-image-89817\" style=\"width:342px;height:740px\" width=\"342\" height=\"740\" srcset=\"https:\/\/www.fdelaitre.org\/wp2\/wp-content\/uploads\/2024\/01\/20231227_112927_DxO-473x1024.jpg 473w, https:\/\/www.fdelaitre.org\/wp2\/wp-content\/uploads\/2024\/01\/20231227_112927_DxO-139x300.jpg 139w, https:\/\/www.fdelaitre.org\/wp2\/wp-content\/uploads\/2024\/01\/20231227_112927_DxO-768x1662.jpg 768w, https:\/\/www.fdelaitre.org\/wp2\/wp-content\/uploads\/2024\/01\/20231227_112927_DxO-710x1536.jpg 710w, https:\/\/www.fdelaitre.org\/wp2\/wp-content\/uploads\/2024\/01\/20231227_112927_DxO-946x2048.jpg 946w, https:\/\/www.fdelaitre.org\/wp2\/wp-content\/uploads\/2024\/01\/20231227_112927_DxO-scaled.jpg 1183w\" sizes=\"(max-width: 342px) 100vw, 342px\" \/><\/a><\/figure>\n\n\n\n<p>L&rsquo;avenir semble bien sombre cependant pour Broc. Nestl\u00e9 a l&rsquo;intention de vendre le site de Cailler \u00e0 des \u00ab\u00a0investisseurs amateurs de chocolat\u00a0\u00bb (sic) qui se font fort de cr\u00e9er un \u00ab\u00a0parc du chocolat\u00a0\u00bb&#8230;<\/p>\n<\/div><\/div>","protected":false},"excerpt":{"rendered":"<p>De passage \u00e0 Broc-Fabrique (FR) en d\u00e9cembre : les travaux de mise \u00e0 voie normale du tron\u00e7on Bulle-Broc sont achev\u00e9s. Rebaptis\u00e9e pour l&rsquo;occasion \u00ab\u00a0Broc-Chocolaterie\u00a0\u00bb, la gare &#8211; devenue \u00ab\u00a0style RER\u00a0\u00bb sans \u00e2me &#8211; accueille d\u00e9sormais sur deux voies \u00e0 quai les automotrices RBDe 560 en provenance de Berne ou D\u00fcdingen (pas de train direct le [&hellip;]<\/p>\n","protected":false},"author":2,"featured_media":0,"comment_status":"open","ping_status":"open","sticky":false,"template":"","format":"standard","meta":{"footnotes":""},"categories":[7,3,1],"tags":[],"_links":{"self":[{"href":"https:\/\/www.fdelaitre.org\/wp2\/wp-json\/wp\/v2\/posts\/89812"}],"collection":[{"href":"https:\/\/www.fdelaitre.org\/wp2\/wp-json\/wp\/v2\/posts"}],"about":[{"href":"https:\/\/www.fdelaitre.org\/wp2\/wp-json\/wp\/v2\/types\/post"}],"author":[{"embeddable":true,"href":"https:\/\/www.fdelaitre.org\/wp2\/wp-json\/wp\/v2\/users\/2"}],"replies":[{"embeddable":true,"href":"https:\/\/www.fdelaitre.org\/wp2\/wp-json\/wp\/v2\/comments?post=89812"}],"version-history":[{"count":2,"href":"https:\/\/www.fdelaitre.org\/wp2\/wp-json\/wp\/v2\/posts\/89812\/revisions"}],"predecessor-version":[{"id":89818,"href":"https:\/\/www.fdelaitre.org\/wp2\/wp-json\/wp\/v2\/posts\/89812\/revisions\/89818"}],"wp:attachment":[{"href":"https:\/\/www.fdelaitre.org\/wp2\/wp-json\/wp\/v2\/media?parent=89812"}],"wp:term":[{"taxonomy":"category","embeddable":true,"href":"https:\/\/www.fdelaitre.org\/wp2\/wp-json\/wp\/v2\/categories?post=89812"},{"taxonomy":"post_tag","embeddable":true,"href":"https:\/\/www.fdelaitre.org\/wp2\/wp-json\/wp\/v2\/tags?post=89812"}],"curies":[{"name":"wp","href":"https:\/\/api.w.org\/{rel}","templated":true}]}}