{"id":89775,"date":"2023-03-05T19:43:00","date_gmt":"2023-03-05T18:43:00","guid":{"rendered":"https:\/\/www.fdelaitre.org\/wp2\/?p=89775"},"modified":"2024-01-28T19:32:27","modified_gmt":"2024-01-28T18:32:27","slug":"la-prairie-des-bouleaux","status":"publish","type":"post","link":"https:\/\/www.fdelaitre.org\/wp2\/2023\/03\/la-prairie-des-bouleaux\/","title":{"rendered":"La prairie des bouleaux"},"content":{"rendered":"<div id=\"dslc-theme-content\"><div id=\"dslc-theme-content-inner\">\n<p>Il existe quelque part en Europe centrale une prairie de bouleaux. Pendant quelques ann\u00e9es, cette prairie a \u00e9t\u00e9 desservie par un embranchement ferroviaire, reli\u00e9 \u00e0 tout le r\u00e9seau europ\u00e9en. Pour acc\u00e9der \u00e0 la prairie, on refoulait ici : <\/p>\n\n\n\n<figure class=\"wp-block-image size-large is-resized\"><a href=\"https:\/\/www.fdelaitre.org\/wp2\/wp-content\/uploads\/2023\/10\/La-prairie-des-bouleaux.jpg\"><img decoding=\"async\" loading=\"lazy\" src=\"https:\/\/www.fdelaitre.org\/wp2\/wp-content\/uploads\/2023\/10\/La-prairie-des-bouleaux-1024x651.jpg\" alt=\"\" class=\"wp-image-89776\" style=\"width:638px;height:405px\" width=\"638\" height=\"405\" srcset=\"https:\/\/www.fdelaitre.org\/wp2\/wp-content\/uploads\/2023\/10\/La-prairie-des-bouleaux-1024x651.jpg 1024w, https:\/\/www.fdelaitre.org\/wp2\/wp-content\/uploads\/2023\/10\/La-prairie-des-bouleaux-300x191.jpg 300w, https:\/\/www.fdelaitre.org\/wp2\/wp-content\/uploads\/2023\/10\/La-prairie-des-bouleaux-768x488.jpg 768w, https:\/\/www.fdelaitre.org\/wp2\/wp-content\/uploads\/2023\/10\/La-prairie-des-bouleaux.jpg 1371w\" sizes=\"(max-width: 638px) 100vw, 638px\" \/><\/a><\/figure>\n\n\n\n<p>Puis la voie, aujourd&rsquo;hui enfouie dans les herbes, s&rsquo;enfon\u00e7ait dans les bois par une courbe serr\u00e9e :<\/p>\n\n\n\n<figure class=\"wp-block-image size-large is-resized\"><a href=\"https:\/\/www.fdelaitre.org\/wp2\/wp-content\/uploads\/2023\/10\/L1020453_DxO-scaled.jpg\"><img decoding=\"async\" loading=\"lazy\" src=\"https:\/\/www.fdelaitre.org\/wp2\/wp-content\/uploads\/2023\/10\/L1020453_DxO-768x1024.jpg\" alt=\"\" class=\"wp-image-89777\" style=\"width:646px;height:862px\" width=\"646\" height=\"862\" srcset=\"https:\/\/www.fdelaitre.org\/wp2\/wp-content\/uploads\/2023\/10\/L1020453_DxO-768x1024.jpg 768w, https:\/\/www.fdelaitre.org\/wp2\/wp-content\/uploads\/2023\/10\/L1020453_DxO-225x300.jpg 225w, https:\/\/www.fdelaitre.org\/wp2\/wp-content\/uploads\/2023\/10\/L1020453_DxO-1152x1536.jpg 1152w, https:\/\/www.fdelaitre.org\/wp2\/wp-content\/uploads\/2023\/10\/L1020453_DxO-1536x2048.jpg 1536w, https:\/\/www.fdelaitre.org\/wp2\/wp-content\/uploads\/2023\/10\/L1020453_DxO-scaled.jpg 1920w\" sizes=\"(max-width: 646px) 100vw, 646px\" \/><\/a><\/figure>\n\n\n\n<p>Elle traversait une route :<\/p>\n\n\n\n<figure class=\"wp-block-image size-large is-resized\"><a href=\"https:\/\/www.fdelaitre.org\/wp2\/wp-content\/uploads\/2023\/10\/L1020482_DxO-scaled.jpg\"><img decoding=\"async\" loading=\"lazy\" src=\"https:\/\/www.fdelaitre.org\/wp2\/wp-content\/uploads\/2023\/10\/L1020482_DxO-768x1024.jpg\" alt=\"\" class=\"wp-image-89778\" style=\"width:647px;height:863px\" width=\"647\" height=\"863\" srcset=\"https:\/\/www.fdelaitre.org\/wp2\/wp-content\/uploads\/2023\/10\/L1020482_DxO-768x1024.jpg 768w, https:\/\/www.fdelaitre.org\/wp2\/wp-content\/uploads\/2023\/10\/L1020482_DxO-225x300.jpg 225w, https:\/\/www.fdelaitre.org\/wp2\/wp-content\/uploads\/2023\/10\/L1020482_DxO-1152x1536.jpg 1152w, https:\/\/www.fdelaitre.org\/wp2\/wp-content\/uploads\/2023\/10\/L1020482_DxO-1536x2048.jpg 1536w, https:\/\/www.fdelaitre.org\/wp2\/wp-content\/uploads\/2023\/10\/L1020482_DxO-scaled.jpg 1920w\" sizes=\"(max-width: 647px) 100vw, 647px\" \/><\/a><\/figure>\n\n\n\n<p>Ici, un lorry est rest\u00e9 en place : <\/p>\n\n\n\n<figure class=\"wp-block-image size-large is-resized\"><a href=\"https:\/\/www.fdelaitre.org\/wp2\/wp-content\/uploads\/2023\/10\/L1020489_DxO-scaled.jpg\"><img decoding=\"async\" loading=\"lazy\" src=\"https:\/\/www.fdelaitre.org\/wp2\/wp-content\/uploads\/2023\/10\/L1020489_DxO-1024x768.jpg\" alt=\"\" class=\"wp-image-89779\" style=\"width:649px;height:487px\" width=\"649\" height=\"487\" srcset=\"https:\/\/www.fdelaitre.org\/wp2\/wp-content\/uploads\/2023\/10\/L1020489_DxO-1024x768.jpg 1024w, https:\/\/www.fdelaitre.org\/wp2\/wp-content\/uploads\/2023\/10\/L1020489_DxO-300x225.jpg 300w, https:\/\/www.fdelaitre.org\/wp2\/wp-content\/uploads\/2023\/10\/L1020489_DxO-768x576.jpg 768w, https:\/\/www.fdelaitre.org\/wp2\/wp-content\/uploads\/2023\/10\/L1020489_DxO-1536x1152.jpg 1536w, https:\/\/www.fdelaitre.org\/wp2\/wp-content\/uploads\/2023\/10\/L1020489_DxO-2048x1536.jpg 2048w\" sizes=\"(max-width: 649px) 100vw, 649px\" \/><\/a><\/figure>\n\n\n\n<p>L\u00e0, les lanternes d&rsquo;aiguille ont subsist\u00e9, donnant acc\u00e8s \u00e0 un faisceau de 3 voies :<\/p>\n\n\n\n<figure class=\"wp-block-image size-large is-resized\"><a href=\"https:\/\/www.fdelaitre.org\/wp2\/wp-content\/uploads\/2023\/10\/L1020519_DxO-scaled.jpg\"><img decoding=\"async\" loading=\"lazy\" src=\"https:\/\/www.fdelaitre.org\/wp2\/wp-content\/uploads\/2023\/10\/L1020519_DxO-768x1024.jpg\" alt=\"\" class=\"wp-image-89780\" style=\"width:674px;height:899px\" width=\"674\" height=\"899\" srcset=\"https:\/\/www.fdelaitre.org\/wp2\/wp-content\/uploads\/2023\/10\/L1020519_DxO-768x1024.jpg 768w, https:\/\/www.fdelaitre.org\/wp2\/wp-content\/uploads\/2023\/10\/L1020519_DxO-225x300.jpg 225w, https:\/\/www.fdelaitre.org\/wp2\/wp-content\/uploads\/2023\/10\/L1020519_DxO-1152x1536.jpg 1152w, https:\/\/www.fdelaitre.org\/wp2\/wp-content\/uploads\/2023\/10\/L1020519_DxO-1536x2048.jpg 1536w, https:\/\/www.fdelaitre.org\/wp2\/wp-content\/uploads\/2023\/10\/L1020519_DxO-scaled.jpg 1920w\" sizes=\"(max-width: 674px) 100vw, 674px\" \/><\/a><\/figure>\n\n\n\n<p>Gestes quotidiens de cheminots : on fait la voie, on refoule, on d\u00e9couple, on remet en t\u00eate, on attelle, voie libre, on repart. Gestes vieux comme le chemin de fer, r\u00e9p\u00e9t\u00e9s tous les jours des millions de fois dans le monde ferroviaire,  mais qui prennent ici une signification terrible.<\/p>\n\n\n\n<figure class=\"wp-block-image size-large is-resized\"><a href=\"https:\/\/www.fdelaitre.org\/wp2\/wp-content\/uploads\/2023\/10\/L1020536_DxO-scaled.jpg\"><img decoding=\"async\" loading=\"lazy\" src=\"https:\/\/www.fdelaitre.org\/wp2\/wp-content\/uploads\/2023\/10\/L1020536_DxO-1024x768.jpg\" alt=\"\" class=\"wp-image-89781\" style=\"width:563px;height:422px\" width=\"563\" height=\"422\" srcset=\"https:\/\/www.fdelaitre.org\/wp2\/wp-content\/uploads\/2023\/10\/L1020536_DxO-1024x768.jpg 1024w, https:\/\/www.fdelaitre.org\/wp2\/wp-content\/uploads\/2023\/10\/L1020536_DxO-300x225.jpg 300w, https:\/\/www.fdelaitre.org\/wp2\/wp-content\/uploads\/2023\/10\/L1020536_DxO-768x576.jpg 768w, https:\/\/www.fdelaitre.org\/wp2\/wp-content\/uploads\/2023\/10\/L1020536_DxO-1536x1152.jpg 1536w, https:\/\/www.fdelaitre.org\/wp2\/wp-content\/uploads\/2023\/10\/L1020536_DxO-2048x1536.jpg 2048w\" sizes=\"(max-width: 563px) 100vw, 563px\" \/><\/a><\/figure>\n\n\n\n<p>Beaucoup de voyageurs charg\u00e9s de leurs biens les plus pr\u00e9cieux ont emprunt\u00e9 cette ligne. Seuls de rares voyageurs, sans bagages, sont revenus de la prairie des bouleaux. L&rsquo;aller-simple y \u00e9tait la r\u00e8gle.<\/p>\n\n\n\n<p>Sous un soleil radieux, incongru en ce mois de janvier, je marche dans le plus grand cimeti\u00e8re du monde, sans aucune tombe visible.<\/p>\n\n\n\n<figure class=\"wp-block-image size-large is-resized\"><a href=\"https:\/\/www.fdelaitre.org\/wp2\/wp-content\/uploads\/2023\/10\/L1020521_DxO-scaled.jpg\"><img decoding=\"async\" loading=\"lazy\" src=\"https:\/\/www.fdelaitre.org\/wp2\/wp-content\/uploads\/2023\/10\/L1020521_DxO-1024x768.jpg\" alt=\"\" class=\"wp-image-89785\" style=\"width:650px;height:488px\" width=\"650\" height=\"488\" srcset=\"https:\/\/www.fdelaitre.org\/wp2\/wp-content\/uploads\/2023\/10\/L1020521_DxO-1024x768.jpg 1024w, https:\/\/www.fdelaitre.org\/wp2\/wp-content\/uploads\/2023\/10\/L1020521_DxO-300x225.jpg 300w, https:\/\/www.fdelaitre.org\/wp2\/wp-content\/uploads\/2023\/10\/L1020521_DxO-768x576.jpg 768w, https:\/\/www.fdelaitre.org\/wp2\/wp-content\/uploads\/2023\/10\/L1020521_DxO-1536x1152.jpg 1536w, https:\/\/www.fdelaitre.org\/wp2\/wp-content\/uploads\/2023\/10\/L1020521_DxO-2048x1536.jpg 2048w\" sizes=\"(max-width: 650px) 100vw, 650px\" \/><\/a><\/figure>\n\n\n\n<p>Je suis \u00e0 Birkenau (en allemand : <em>Birken<\/em>, bouleau, <em>Au<\/em> : prairie), \u00e0 la p\u00e9riph\u00e9rie de la ville polonaise d&rsquo;Oswiecim, toujours en allemand : Auschwitz :<\/p>\n\n\n\n<figure class=\"wp-block-image size-large is-resized\"><a href=\"https:\/\/www.fdelaitre.org\/wp2\/wp-content\/uploads\/2023\/10\/L1020543_DxO-scaled.jpg\"><img decoding=\"async\" loading=\"lazy\" src=\"https:\/\/www.fdelaitre.org\/wp2\/wp-content\/uploads\/2023\/10\/L1020543_DxO-1024x768.jpg\" alt=\"\" class=\"wp-image-89786\" style=\"width:652px;height:489px\" width=\"652\" height=\"489\" srcset=\"https:\/\/www.fdelaitre.org\/wp2\/wp-content\/uploads\/2023\/10\/L1020543_DxO-1024x768.jpg 1024w, https:\/\/www.fdelaitre.org\/wp2\/wp-content\/uploads\/2023\/10\/L1020543_DxO-300x225.jpg 300w, https:\/\/www.fdelaitre.org\/wp2\/wp-content\/uploads\/2023\/10\/L1020543_DxO-768x576.jpg 768w, https:\/\/www.fdelaitre.org\/wp2\/wp-content\/uploads\/2023\/10\/L1020543_DxO-1536x1152.jpg 1536w, https:\/\/www.fdelaitre.org\/wp2\/wp-content\/uploads\/2023\/10\/L1020543_DxO-2048x1536.jpg 2048w\" sizes=\"(max-width: 652px) 100vw, 652px\" \/><\/a><\/figure>\n\n\n\n<p>Je croise un groupe de lyc\u00e9ens allemands. Ils portent des bouquets de fleurs qu&rsquo;ils d\u00e9posent \u00e7\u00e0 et l\u00e0, \u00e0 l&rsquo;\u00e9tang des cendres, devant le Krema II, devant le monument international. Visages ferm\u00e9s, yeux baiss\u00e9s.<\/p>\n\n\n\n<figure class=\"wp-block-image size-large is-resized\"><a href=\"https:\/\/www.fdelaitre.org\/wp2\/wp-content\/uploads\/2023\/10\/L1020550_DxO-scaled.jpg\"><img decoding=\"async\" loading=\"lazy\" src=\"https:\/\/www.fdelaitre.org\/wp2\/wp-content\/uploads\/2023\/10\/L1020550_DxO-1024x768.jpg\" alt=\"\" class=\"wp-image-89784\" style=\"width:642px;height:482px\" width=\"642\" height=\"482\" srcset=\"https:\/\/www.fdelaitre.org\/wp2\/wp-content\/uploads\/2023\/10\/L1020550_DxO-1024x768.jpg 1024w, https:\/\/www.fdelaitre.org\/wp2\/wp-content\/uploads\/2023\/10\/L1020550_DxO-300x225.jpg 300w, https:\/\/www.fdelaitre.org\/wp2\/wp-content\/uploads\/2023\/10\/L1020550_DxO-768x576.jpg 768w, https:\/\/www.fdelaitre.org\/wp2\/wp-content\/uploads\/2023\/10\/L1020550_DxO-1536x1152.jpg 1536w, https:\/\/www.fdelaitre.org\/wp2\/wp-content\/uploads\/2023\/10\/L1020550_DxO-2048x1536.jpg 2048w\" sizes=\"(max-width: 642px) 100vw, 642px\" \/><\/a><\/figure>\n\n\n\n<p><em>\u00ab\u00a0Qui de nous veille de cet \u00e9trange observatoire pour nous avertir de la venue des nouveaux bourreaux?<br>Ont-ils vraiment un autre visage que le n\u00f4tre?<br>[\u2026]<br>Il y a nous qui regardons sinc\u00e8rement ces ruines,<br>Comme si le vieux monstre concentrationnaire \u00e9tait mort sous les d\u00e9combres,<br>Qui feignons de reprendre espoir devant cette image qui s\u2019\u00e9loigne,<br>Comme si on gu\u00e9rissait de la peste concentrationnaire,<br>Nous qui feignons de croire que tout cela est d\u2019un seul temps et d\u2019un seul pays,<br>Et qui ne pensons pas \u00e0 regarder autour de nous et qui n\u2019entendons pas qu\u2019on crie sans fin.\u00a0\u00bb<\/em><\/p>\n\n\n\n<p><em>Texte de Jean Cayrol, extrait du film Nuit et Brouillard d&rsquo;Alain Resnais (1956).<\/em><\/p>\n\n\n\n<figure class=\"wp-block-image size-full\"><a href=\"https:\/\/www.fdelaitre.org\/wp2\/wp-content\/uploads\/2023\/10\/Mai-1944-Auschwitz.jpg\"><img decoding=\"async\" loading=\"lazy\" width=\"528\" height=\"352\" src=\"https:\/\/www.fdelaitre.org\/wp2\/wp-content\/uploads\/2023\/10\/Mai-1944-Auschwitz.jpg\" alt=\"\" class=\"wp-image-89787\" srcset=\"https:\/\/www.fdelaitre.org\/wp2\/wp-content\/uploads\/2023\/10\/Mai-1944-Auschwitz.jpg 528w, https:\/\/www.fdelaitre.org\/wp2\/wp-content\/uploads\/2023\/10\/Mai-1944-Auschwitz-300x200.jpg 300w\" sizes=\"(max-width: 528px) 100vw, 528px\" \/><\/a><figcaption class=\"wp-element-caption\">Mai 1944 \u00e0 Auschwitz : arriv\u00e9e d&rsquo;un train en provenance de Hongrie. L&rsquo;officier SS au premier plan proc\u00e9dait \u00e0 la \u00ab\u00a0s\u00e9lection\u00a0\u00bb. Un simple geste devant chaque d\u00e9port\u00e9 : pouce \u00e0 droite, la chambre \u00e0 gaz, imm\u00e9diatement. Pouce \u00e0 gauche : le travail au camp, un sursis de quelques mois, semaines ou&#8230; jours avant de prendre le m\u00eame chemin.<\/figcaption><\/figure>\n\n\n\n<p> <\/p>\n<\/div><\/div>","protected":false},"excerpt":{"rendered":"<p>Il existe quelque part en Europe centrale une prairie de bouleaux. Pendant quelques ann\u00e9es, cette prairie a \u00e9t\u00e9 desservie par un embranchement ferroviaire, reli\u00e9 \u00e0 tout le r\u00e9seau europ\u00e9en. Pour acc\u00e9der \u00e0 la prairie, on refoulait ici : Puis la voie, aujourd&rsquo;hui enfouie dans les herbes, s&rsquo;enfon\u00e7ait dans les bois par une courbe serr\u00e9e : [&hellip;]<\/p>\n","protected":false},"author":2,"featured_media":0,"comment_status":"open","ping_status":"open","sticky":false,"template":"","format":"standard","meta":{"footnotes":""},"categories":[1],"tags":[26],"_links":{"self":[{"href":"https:\/\/www.fdelaitre.org\/wp2\/wp-json\/wp\/v2\/posts\/89775"}],"collection":[{"href":"https:\/\/www.fdelaitre.org\/wp2\/wp-json\/wp\/v2\/posts"}],"about":[{"href":"https:\/\/www.fdelaitre.org\/wp2\/wp-json\/wp\/v2\/types\/post"}],"author":[{"embeddable":true,"href":"https:\/\/www.fdelaitre.org\/wp2\/wp-json\/wp\/v2\/users\/2"}],"replies":[{"embeddable":true,"href":"https:\/\/www.fdelaitre.org\/wp2\/wp-json\/wp\/v2\/comments?post=89775"}],"version-history":[{"count":8,"href":"https:\/\/www.fdelaitre.org\/wp2\/wp-json\/wp\/v2\/posts\/89775\/revisions"}],"predecessor-version":[{"id":89822,"href":"https:\/\/www.fdelaitre.org\/wp2\/wp-json\/wp\/v2\/posts\/89775\/revisions\/89822"}],"wp:attachment":[{"href":"https:\/\/www.fdelaitre.org\/wp2\/wp-json\/wp\/v2\/media?parent=89775"}],"wp:term":[{"taxonomy":"category","embeddable":true,"href":"https:\/\/www.fdelaitre.org\/wp2\/wp-json\/wp\/v2\/categories?post=89775"},{"taxonomy":"post_tag","embeddable":true,"href":"https:\/\/www.fdelaitre.org\/wp2\/wp-json\/wp\/v2\/tags?post=89775"}],"curies":[{"name":"wp","href":"https:\/\/api.w.org\/{rel}","templated":true}]}}