{"id":78,"date":"2008-11-01T17:00:44","date_gmt":"2008-11-01T16:00:44","guid":{"rendered":"http:\/\/fdelaitre.club.fr\/?p=78"},"modified":"2009-10-07T21:09:37","modified_gmt":"2009-10-07T20:09:37","slug":"nezel-78-qui-se-souvient","status":"publish","type":"post","link":"https:\/\/www.fdelaitre.org\/wp2\/2008\/11\/nezel-78-qui-se-souvient\/","title":{"rendered":"N\u00e9zel (78) &#8211; Qui se souvient ?"},"content":{"rendered":"<div id=\"dslc-theme-content\"><div id=\"dslc-theme-content-inner\"><p>&#8230;du Tramway de Versailles \u00e0 Meulan, lorsqu&rsquo;il traversait le village de N\u00e9zel, pr\u00e8s d&rsquo;Aubergenville ?<\/p>\n<p><img decoding=\"async\" loading=\"lazy\" class=\"aligncenter size-full wp-image-879\" title=\"Nezel\" src=\"https:\/\/www.fdelaitre.org\/wp2\/wp-content\/uploads\/2008\/11\/Nezel.jpg\" alt=\"Nezel\" width=\"519\" height=\"328\" srcset=\"https:\/\/www.fdelaitre.org\/wp2\/wp-content\/uploads\/2008\/11\/Nezel.jpg 936w, https:\/\/www.fdelaitre.org\/wp2\/wp-content\/uploads\/2008\/11\/Nezel-300x190.jpg 300w\" sizes=\"(max-width: 519px) 100vw, 519px\" \/><\/p>\n<\/div><\/div>","protected":false},"excerpt":{"rendered":"<p>&#8230;du Tramway de Versailles \u00e0 Meulan, lorsqu&rsquo;il traversait le village de N\u00e9zel, pr\u00e8s d&rsquo;Aubergenville ?<\/p>\n","protected":false},"author":2,"featured_media":0,"comment_status":"open","ping_status":"open","sticky":false,"template":"","format":"standard","meta":{"footnotes":""},"categories":[3],"tags":[],"_links":{"self":[{"href":"https:\/\/www.fdelaitre.org\/wp2\/wp-json\/wp\/v2\/posts\/78"}],"collection":[{"href":"https:\/\/www.fdelaitre.org\/wp2\/wp-json\/wp\/v2\/posts"}],"about":[{"href":"https:\/\/www.fdelaitre.org\/wp2\/wp-json\/wp\/v2\/types\/post"}],"author":[{"embeddable":true,"href":"https:\/\/www.fdelaitre.org\/wp2\/wp-json\/wp\/v2\/users\/2"}],"replies":[{"embeddable":true,"href":"https:\/\/www.fdelaitre.org\/wp2\/wp-json\/wp\/v2\/comments?post=78"}],"version-history":[{"count":6,"href":"https:\/\/www.fdelaitre.org\/wp2\/wp-json\/wp\/v2\/posts\/78\/revisions"}],"predecessor-version":[{"id":880,"href":"https:\/\/www.fdelaitre.org\/wp2\/wp-json\/wp\/v2\/posts\/78\/revisions\/880"}],"wp:attachment":[{"href":"https:\/\/www.fdelaitre.org\/wp2\/wp-json\/wp\/v2\/media?parent=78"}],"wp:term":[{"taxonomy":"category","embeddable":true,"href":"https:\/\/www.fdelaitre.org\/wp2\/wp-json\/wp\/v2\/categories?post=78"},{"taxonomy":"post_tag","embeddable":true,"href":"https:\/\/www.fdelaitre.org\/wp2\/wp-json\/wp\/v2\/tags?post=78"}],"curies":[{"name":"wp","href":"https:\/\/api.w.org\/{rel}","templated":true}]}}