{"id":54,"date":"2008-11-12T14:14:10","date_gmt":"2008-11-12T13:14:10","guid":{"rendered":"http:\/\/fdelaitre.club.fr\/?p=54"},"modified":"2010-12-26T21:09:34","modified_gmt":"2010-12-26T20:09:34","slug":"la-vache-noire-carrefour","status":"publish","type":"post","link":"https:\/\/www.fdelaitre.org\/wp2\/2008\/11\/la-vache-noire-carrefour\/","title":{"rendered":"La Vache noire (carrefour)"},"content":{"rendered":"<div id=\"dslc-theme-content\"><div id=\"dslc-theme-content-inner\"><p>Trouv\u00e9 sur le site de la RATP ce matin une information essentielle, honteusement pass\u00e9e sous silence par les grands m\u00e9dias : le prolongement de la ligne n\u00b04, Porte de Clignancourt-Porte d&rsquo;Orl\u00e9ans, dans un premier temps jusqu&rsquo;\u00e0 la mairie de Montrouge. Notons qu&rsquo;il ne faudra pas moins de cinq ann\u00e9es de travaux pour compl\u00e9ter cette section de seulement 1670m de long. Un chiffre \u00e0 rapporter au temps record n\u00e9cessit\u00e9 par la construction de l&rsquo;ensemble du M\u00e9tropolitain parisien sous la direction de Fulgence Bienven\u00fce. En 1905, soit 8 ans apr\u00e8s premier coup de pioche, les lignes 1, 2, 3, 4 et 5 \u00e9taient d\u00e9j\u00e0 en service ! Certes, il y a eu depuis les 35h et les CHSCT, mais on peut s&rsquo;interroger sur ce ralentissement inqui\u00e9tant de la productivit\u00e9 chez les g\u00e9nie-civilistes en un si\u00e8cle.<\/p>\n<h1><a href=\"https:\/\/www.fdelaitre.org\/wp2\/wp-content\/uploads\/2008\/11\/CarteProlongementLigne4.gif\"><img decoding=\"async\" loading=\"lazy\" class=\"aligncenter size-full wp-image-1548\" title=\"CarteProlongementLigne4\" src=\"https:\/\/www.fdelaitre.org\/wp2\/wp-content\/uploads\/2008\/11\/CarteProlongementLigne4.gif\" alt=\"\" width=\"537\" height=\"387\" srcset=\"https:\/\/www.fdelaitre.org\/wp2\/wp-content\/uploads\/2008\/11\/CarteProlongementLigne4.gif 537w, https:\/\/www.fdelaitre.org\/wp2\/wp-content\/uploads\/2008\/11\/CarteProlongementLigne4-300x216.gif 300w\" sizes=\"(max-width: 537px) 100vw, 537px\" \/><\/a><\/h1>\n<p style=\"text-align: center;\">Source RATP<\/p>\n<p>Vieux serpent de mer que ce prolongement de la ligne 4 vers le sud, on en parlait d\u00e9j\u00e0 sur un des plans du m\u00e9tro de 1937 que poss\u00e9dait mon grand-p\u00e8re, et o\u00f9 \u00e9tait indiqu\u00e9 en pointill\u00e9 un prolongement vers \u00ab\u00a0le Carrefour de la Vache noire\u00a0\u00bb \u00e0 Arcueil. Las ! La future ligne 4 prolong\u00e9e \u00e9vitera ce lieu historique, qu&rsquo;elle contournera par l&rsquo;ouest, desservant la Mairie de Montrouge, le cimeti\u00e8re de Bagneux (o\u00f9 se trouve la tombe de Pierre Delarue-Nouvelli\u00e8re) \u00e0 la future station Verdun-Sud, puis Bagneux et plus si affinit\u00e9s et cr\u00e9dits.<\/p>\n<p>La pauvre vieille Vache noire ne verra donc pas passer le m\u00e9tro, elle qui l&rsquo;attendait depuis 80 ans en remplacement de l&rsquo;Arpajonnais, le tramway sur route de Paris \u00e0 Arpajon (PA) !<\/p>\n<p><a href=\"https:\/\/www.fdelaitre.org\/wp2\/wp-content\/uploads\/2008\/11\/Vache_Noire_1.jpg\"><img decoding=\"async\" loading=\"lazy\" class=\"aligncenter size-full wp-image-1550\" title=\"Vache_Noire_1\" src=\"https:\/\/www.fdelaitre.org\/wp2\/wp-content\/uploads\/2008\/11\/Vache_Noire_1.jpg\" alt=\"\" width=\"512\" height=\"330\" srcset=\"https:\/\/www.fdelaitre.org\/wp2\/wp-content\/uploads\/2008\/11\/Vache_Noire_1.jpg 512w, https:\/\/www.fdelaitre.org\/wp2\/wp-content\/uploads\/2008\/11\/Vache_Noire_1-300x193.jpg 300w\" sizes=\"(max-width: 512px) 100vw, 512px\" \/><\/a><\/p>\n<p><a href=\"https:\/\/www.fdelaitre.org\/wp2\/wp-content\/uploads\/2008\/11\/Vache_Noire_2.jpg\"><img decoding=\"async\" loading=\"lazy\" class=\"aligncenter size-full wp-image-1551\" title=\"Vache_Noire_2\" src=\"https:\/\/www.fdelaitre.org\/wp2\/wp-content\/uploads\/2008\/11\/Vache_Noire_2.jpg\" alt=\"\" width=\"512\" height=\"329\" srcset=\"https:\/\/www.fdelaitre.org\/wp2\/wp-content\/uploads\/2008\/11\/Vache_Noire_2.jpg 512w, https:\/\/www.fdelaitre.org\/wp2\/wp-content\/uploads\/2008\/11\/Vache_Noire_2-300x192.jpg 300w\" sizes=\"(max-width: 512px) 100vw, 512px\" \/><\/a><\/p>\n<p style=\"text-align: center;\">\n<p>D&rsquo;ailleurs : petite question de toponymie. D&rsquo;o\u00f9 vient ce pittoresque nom de \u00ab\u00a0Vache noire\u00a0\u00bb pour d\u00e9signer cette intersection ? Selon l&rsquo;ouvrage\u00a0 <span style=\"color: #800080;\"><em>Montrouge et son histoire<\/em><\/span> <span style=\"color: #800080;\">(de Pierrette Cour, Lucie Geeraerts et Armand Thomas, 1988) <\/span>la Vache noire d\u00e9signait les locomotives bi-cabines Tubize du Paris-Arpajon qui traversaient le carrefour.<\/p>\n<p><a href=\"https:\/\/www.fdelaitre.org\/wp2\/wp-content\/uploads\/2008\/11\/Tubize.jpg\"><img decoding=\"async\" loading=\"lazy\" class=\"aligncenter size-full wp-image-1552\" title=\"Tubize\" src=\"https:\/\/www.fdelaitre.org\/wp2\/wp-content\/uploads\/2008\/11\/Tubize.jpg\" alt=\"\" width=\"512\" height=\"331\" srcset=\"https:\/\/www.fdelaitre.org\/wp2\/wp-content\/uploads\/2008\/11\/Tubize.jpg 512w, https:\/\/www.fdelaitre.org\/wp2\/wp-content\/uploads\/2008\/11\/Tubize-300x193.jpg 300w\" sizes=\"(max-width: 512px) 100vw, 512px\" \/><\/a><\/p>\n<p style=\"text-align: center;\">\n<p>Cette explication, \u00f4 combien s\u00e9duisante pour un ferroviphile, reste cependant \u00e0 confirmer : il existe en r\u00e9gion parisienne et ailleurs bien d&rsquo;autres \u00ab\u00a0Vaches noires\u00a0\u00bb sans pr\u00e9sence ferroviaire associ\u00e9e : Trappes, Saint-Gratien, etc.<\/p>\n<\/div><\/div>","protected":false},"excerpt":{"rendered":"<p>Trouv\u00e9 sur le site de la RATP ce matin une information essentielle, honteusement pass\u00e9e sous silence par les grands m\u00e9dias : le prolongement de la ligne n\u00b04, Porte de Clignancourt-Porte d&rsquo;Orl\u00e9ans, dans un premier temps jusqu&rsquo;\u00e0 la mairie de Montrouge. Notons qu&rsquo;il ne faudra pas moins de cinq ann\u00e9es de travaux pour compl\u00e9ter cette section [&hellip;]<\/p>\n","protected":false},"author":2,"featured_media":0,"comment_status":"open","ping_status":"open","sticky":false,"template":"","format":"standard","meta":{"footnotes":""},"categories":[3],"tags":[],"_links":{"self":[{"href":"https:\/\/www.fdelaitre.org\/wp2\/wp-json\/wp\/v2\/posts\/54"}],"collection":[{"href":"https:\/\/www.fdelaitre.org\/wp2\/wp-json\/wp\/v2\/posts"}],"about":[{"href":"https:\/\/www.fdelaitre.org\/wp2\/wp-json\/wp\/v2\/types\/post"}],"author":[{"embeddable":true,"href":"https:\/\/www.fdelaitre.org\/wp2\/wp-json\/wp\/v2\/users\/2"}],"replies":[{"embeddable":true,"href":"https:\/\/www.fdelaitre.org\/wp2\/wp-json\/wp\/v2\/comments?post=54"}],"version-history":[{"count":19,"href":"https:\/\/www.fdelaitre.org\/wp2\/wp-json\/wp\/v2\/posts\/54\/revisions"}],"predecessor-version":[{"id":1553,"href":"https:\/\/www.fdelaitre.org\/wp2\/wp-json\/wp\/v2\/posts\/54\/revisions\/1553"}],"wp:attachment":[{"href":"https:\/\/www.fdelaitre.org\/wp2\/wp-json\/wp\/v2\/media?parent=54"}],"wp:term":[{"taxonomy":"category","embeddable":true,"href":"https:\/\/www.fdelaitre.org\/wp2\/wp-json\/wp\/v2\/categories?post=54"},{"taxonomy":"post_tag","embeddable":true,"href":"https:\/\/www.fdelaitre.org\/wp2\/wp-json\/wp\/v2\/tags?post=54"}],"curies":[{"name":"wp","href":"https:\/\/api.w.org\/{rel}","templated":true}]}}