{"id":2892,"date":"2013-01-06T11:21:50","date_gmt":"2013-01-06T10:21:50","guid":{"rendered":"http:\/\/www.fdelaitre.org\/wp2\/?p=2892"},"modified":"2013-01-06T12:17:44","modified_gmt":"2013-01-06T11:17:44","slug":"in-memoriam-john-allen-1913-1973","status":"publish","type":"post","link":"https:\/\/www.fdelaitre.org\/wp2\/2013\/01\/in-memoriam-john-allen-1913-1973\/","title":{"rendered":"In-memoriam : John Allen (1913-1973)"},"content":{"rendered":"<div id=\"dslc-theme-content\"><div id=\"dslc-theme-content-inner\"><p>Ce 6 janvier marque le quaranti\u00e8me anniversaire de la disparition du mod\u00e9liste ferroviaire am\u00e9ricain John Allen (n\u00e9 le 02 juillet 1913 \u00e0 Joplin, Missouri &#8211; mort dans la soir\u00e9e du 06 janvier 1973 \u00e0 Monterey, Californie). Dix jours plus tard, le 16 janvier 1973, ce sera l&rsquo;oeuvre de sa vie : le Gorre &amp; Daphetid Railroad qui dispara\u00eetra \u00e0 son tour dans un incendie accidentel.<\/p>\n<p style=\"text-align: center;\"><a href=\"https:\/\/www.fdelaitre.org\/wp2\/2013\/01\/in-memoriam-john-allen-1913-1973\/johnallen\/\" rel=\"attachment wp-att-2894\"><img decoding=\"async\" loading=\"lazy\" class=\"aligncenter size-full wp-image-2894\" alt=\"JohnAllen\" src=\"https:\/\/www.fdelaitre.org\/wp2\/wp-content\/uploads\/2013\/01\/JohnAllen.jpg\" width=\"287\" height=\"216\" \/><\/a><\/p>\n<p style=\"text-align: center;\"><em><strong>John Whitby Allen<\/strong><\/em><\/p>\n<p><a href=\"https:\/\/www.fdelaitre.org\/wp2\/2013\/01\/in-memoriam-john-allen-1913-1973\/el_encimal_2-2\/\" rel=\"attachment wp-att-2893\"><img decoding=\"async\" loading=\"lazy\" class=\"aligncenter size-full wp-image-2893\" alt=\"El_Encimal_2\" src=\"https:\/\/www.fdelaitre.org\/wp2\/wp-content\/uploads\/2013\/01\/El_Encimal_2.jpg\" width=\"512\" height=\"351\" srcset=\"https:\/\/www.fdelaitre.org\/wp2\/wp-content\/uploads\/2013\/01\/El_Encimal_2.jpg 512w, https:\/\/www.fdelaitre.org\/wp2\/wp-content\/uploads\/2013\/01\/El_Encimal_2-300x205.jpg 300w\" sizes=\"(max-width: 512px) 100vw, 512px\" \/><\/a><\/p>\n<p style=\"text-align: center;\"><em><strong>La tombe de John Allen au Encimal Cemetery de Monterey, Californie<\/strong><\/em><br \/>\n<em><strong>(Photo (c) 2012 &#8211; FD)<\/strong><\/em><\/p>\n<p style=\"text-align: left;\">Quelques liens \u00ab\u00a0Alleniens\u00a0\u00bb sur ce Blog:<br \/>\n<a href=\"https:\/\/www.fdelaitre.org\/wp2\/2012\/07\/citizen-allens-monterey\/\" target=\"_blank\">Citizen Allen&rsquo;s Monterey (2012)<\/a><br \/>\n<a href=\"https:\/\/www.fdelaitre.org\/wp2\/2012\/05\/une-020-decauville-jouef-hoe-sur-le-gorre-daphetid\/\" target=\"_blank\">Une 020 Decauville Jouef HOe sur le Gorre &amp; Daphetid ? (2012)<br \/>\n<\/a><a href=\"https:\/\/www.fdelaitre.org\/wp2\/2011\/09\/a-louer-belle-maison-a-monterey-9-cielo-vista-terrace\/\">A louer : belle maison \u00e0 Monterey, 9, Cielo Vista Terrace (2011)<\/a><br \/>\n<a href=\"https:\/\/www.fdelaitre.org\/wp2\/2011\/02\/the-book-enfin-reedite\/\" target=\"_blank\">\u00ab\u00a0The Book\u00a0\u00bb enfin r\u00e9\u00e9dite (2011)<\/a><br \/>\n<a href=\"https:\/\/www.fdelaitre.org\/wp2\/2009\/08\/7-cielo-vista-terrace-monterey-ca\/\" target=\"_blank\">9, Cielo\u00a0 Vista Terrace (2009)<\/a><\/p>\n<p style=\"text-align: left;\"><em>RIP John.<\/em><\/p>\n<\/div><\/div>","protected":false},"excerpt":{"rendered":"<p>Ce 6 janvier marque le quaranti\u00e8me anniversaire de la disparition du mod\u00e9liste ferroviaire am\u00e9ricain John Allen (n\u00e9 le 02 juillet 1913 \u00e0 Joplin, Missouri &#8211; mort dans la soir\u00e9e du 06 janvier 1973 \u00e0 Monterey, Californie). Dix jours plus tard, le 16 janvier 1973, ce sera l&rsquo;oeuvre de sa vie : le Gorre &amp; Daphetid [&hellip;]<\/p>\n","protected":false},"author":2,"featured_media":0,"comment_status":"open","ping_status":"open","sticky":false,"template":"","format":"standard","meta":{"footnotes":""},"categories":[2,8],"tags":[],"_links":{"self":[{"href":"https:\/\/www.fdelaitre.org\/wp2\/wp-json\/wp\/v2\/posts\/2892"}],"collection":[{"href":"https:\/\/www.fdelaitre.org\/wp2\/wp-json\/wp\/v2\/posts"}],"about":[{"href":"https:\/\/www.fdelaitre.org\/wp2\/wp-json\/wp\/v2\/types\/post"}],"author":[{"embeddable":true,"href":"https:\/\/www.fdelaitre.org\/wp2\/wp-json\/wp\/v2\/users\/2"}],"replies":[{"embeddable":true,"href":"https:\/\/www.fdelaitre.org\/wp2\/wp-json\/wp\/v2\/comments?post=2892"}],"version-history":[{"count":4,"href":"https:\/\/www.fdelaitre.org\/wp2\/wp-json\/wp\/v2\/posts\/2892\/revisions"}],"predecessor-version":[{"id":2897,"href":"https:\/\/www.fdelaitre.org\/wp2\/wp-json\/wp\/v2\/posts\/2892\/revisions\/2897"}],"wp:attachment":[{"href":"https:\/\/www.fdelaitre.org\/wp2\/wp-json\/wp\/v2\/media?parent=2892"}],"wp:term":[{"taxonomy":"category","embeddable":true,"href":"https:\/\/www.fdelaitre.org\/wp2\/wp-json\/wp\/v2\/categories?post=2892"},{"taxonomy":"post_tag","embeddable":true,"href":"https:\/\/www.fdelaitre.org\/wp2\/wp-json\/wp\/v2\/tags?post=2892"}],"curies":[{"name":"wp","href":"https:\/\/api.w.org\/{rel}","templated":true}]}}