{"id":2459,"date":"2012-01-28T22:31:51","date_gmt":"2012-01-28T21:31:51","guid":{"rendered":"http:\/\/www.fdelaitre.org\/wp2\/?p=2459"},"modified":"2012-01-31T13:05:14","modified_gmt":"2012-01-31T12:05:14","slug":"tedxconcorde-2012","status":"publish","type":"post","link":"https:\/\/www.fdelaitre.org\/wp2\/2012\/01\/tedxconcorde-2012\/","title":{"rendered":"TEDxConcorde 2012"},"content":{"rendered":"<div id=\"dslc-theme-content\"><div id=\"dslc-theme-content-inner\"><p>J&rsquo;y \u00e9tais ! Inconditionnel des conf\u00e9rences TED (Technology-Entertainment-Design) disponibles en t\u00e9l\u00e9chargement sur le site\u00a0<a href=\"http:\/\/www.ted.com\/\" target=\"_blank\"> www.ted.com<\/a> et qui m&rsquo;ont permis de passer agr\u00e9ablement et utilement de longues heures d&rsquo;attente dans les a\u00e9roports du vaste monde (\u00ab\u00a0Due to the late arrival of the aircraft&#8230;\u00a0\u00bb), j&rsquo;ai particip\u00e9 aujourd&rsquo;hui 28 janvier pour la premi\u00e8re fois \u00e0\u00a0 un \u00e9v\u00e9nement \u00ab\u00a0TEDx\u00a0\u00bb :<\/p>\n<p><a href=\"https:\/\/www.fdelaitre.org\/wp2\/wp-content\/uploads\/2012\/01\/TEDxConcorde_Gear_Small.jpg\"><img decoding=\"async\" loading=\"lazy\" class=\"aligncenter size-full wp-image-2461\" title=\"TEDxConcorde_Gear_Small\" src=\"https:\/\/www.fdelaitre.org\/wp2\/wp-content\/uploads\/2012\/01\/TEDxConcorde_Gear_Small.jpg\" alt=\"\" width=\"512\" height=\"395\" srcset=\"https:\/\/www.fdelaitre.org\/wp2\/wp-content\/uploads\/2012\/01\/TEDxConcorde_Gear_Small.jpg 512w, https:\/\/www.fdelaitre.org\/wp2\/wp-content\/uploads\/2012\/01\/TEDxConcorde_Gear_Small-300x231.jpg 300w\" sizes=\"(max-width: 512px) 100vw, 512px\" \/><\/a>Tout l&rsquo;\u00e9quipement du \u00ab\u00a0TEDxer\u00a0\u00bb distribu\u00e9 \u00e0 l&rsquo;entr\u00e9e, garanti 100% bonne conscience \u00e9cologique. Sac personnalis\u00e9 Westford Mills en coton \u00e9quitable, cahier de notes sur papier recycl\u00e9, stylo \u00ab\u00a0biod\u00e9gradable\u00a0\u00bb, cela se g\u00e2te avec le badge m\u00e9tallique avec une empreinte CO2 probablement catastrophique, et le badge nominatif (notez qu&rsquo;\u00e0 TEDx &#8211; influence US &#8211; on s&rsquo;appelle par son pr\u00e9nom, c&rsquo;est lui qui est indiqu\u00e9 en gros caract\u00e8res).<\/p>\n<p>L&rsquo;assistance, tr\u00e8s attentive :<\/p>\n<p style=\"text-align: center;\"><a href=\"https:\/\/www.fdelaitre.org\/wp2\/wp-content\/uploads\/2012\/01\/TEDxConcorde_La_salle_Small.jpg\"><img decoding=\"async\" loading=\"lazy\" class=\"aligncenter size-full wp-image-2481\" title=\"TEDxConcorde_La_salle_Small\" src=\"https:\/\/www.fdelaitre.org\/wp2\/wp-content\/uploads\/2012\/01\/TEDxConcorde_La_salle_Small.jpg\" alt=\"\" width=\"512\" height=\"329\" srcset=\"https:\/\/www.fdelaitre.org\/wp2\/wp-content\/uploads\/2012\/01\/TEDxConcorde_La_salle_Small.jpg 512w, https:\/\/www.fdelaitre.org\/wp2\/wp-content\/uploads\/2012\/01\/TEDxConcorde_La_salle_Small-300x192.jpg 300w\" sizes=\"(max-width: 512px) 100vw, 512px\" \/><\/a><em><strong>(Photo TEDxConcorde)<\/strong><\/em><\/p>\n<p>En ouverture : l&rsquo;orchestre symphonique de Stains \u00ab\u00a0Divertimento\u00a0\u00bb sous la direction de Zahia Ziouani, ancienne \u00e9l\u00e8ve de Sergiu Celibidache :<\/p>\n<p><a href=\"https:\/\/www.fdelaitre.org\/wp2\/wp-content\/uploads\/2012\/01\/TEDxConcorde_Orchestre_Smal.jpg\"><img decoding=\"async\" loading=\"lazy\" class=\"aligncenter size-full wp-image-2464\" title=\"TEDxConcorde_Orchestre_Smal\" src=\"https:\/\/www.fdelaitre.org\/wp2\/wp-content\/uploads\/2012\/01\/TEDxConcorde_Orchestre_Smal.jpg\" alt=\"\" width=\"512\" height=\"384\" srcset=\"https:\/\/www.fdelaitre.org\/wp2\/wp-content\/uploads\/2012\/01\/TEDxConcorde_Orchestre_Smal.jpg 512w, https:\/\/www.fdelaitre.org\/wp2\/wp-content\/uploads\/2012\/01\/TEDxConcorde_Orchestre_Smal-300x225.jpg 300w\" sizes=\"(max-width: 512px) 100vw, 512px\" \/><\/a><\/p>\n<p>Et c&rsquo;est parti pour 4 heures de conf\u00e9rences, entrecoup\u00e9es d&rsquo;une pause \u00ab\u00a0Networking\u00a0\u00bb avec un buffet (cons\u00e9quent) et de dr\u00f4les de bornes. Quand on pose son badge dessus, un message est automatiquement g\u00e9n\u00e9r\u00e9 sur son <a href=\"https:\/\/twitter.com\/#!\/FredDelaitre\">compte personnel Twitter<\/a>.<\/p>\n<p><a href=\"https:\/\/www.fdelaitre.org\/wp2\/wp-content\/uploads\/2012\/01\/TEDxConcorde_Twitter.jpg\"><img decoding=\"async\" loading=\"lazy\" class=\"aligncenter size-full wp-image-2470\" title=\"TEDxConcorde_Twitter\" src=\"https:\/\/www.fdelaitre.org\/wp2\/wp-content\/uploads\/2012\/01\/TEDxConcorde_Twitter.jpg\" alt=\"\" width=\"530\" height=\"85\" srcset=\"https:\/\/www.fdelaitre.org\/wp2\/wp-content\/uploads\/2012\/01\/TEDxConcorde_Twitter.jpg 530w, https:\/\/www.fdelaitre.org\/wp2\/wp-content\/uploads\/2012\/01\/TEDxConcorde_Twitter-300x48.jpg 300w\" sizes=\"(max-width: 530px) 100vw, 530px\" \/><\/a>Seul probl\u00e8me, si chaque borne envoie un message diff\u00e9rent, celui-ci n&rsquo;est pas personnalisable (!) Amusant, mais sans plus. D&rsquo;ailleurs, sur le fond, les intervenants de TEDxConcorde 2012 \u00e9taient tous tr\u00e8s sympathiques mais le discours sur \u00ab\u00a0la Diversit\u00e9\u00a0\u00bb m&rsquo;a paru un peu convenu &#8211; face \u00e0 une salle vraiment peu \u00ab\u00a0diverse\u00a0\u00bb : presque exclusivement blanche \/ 30-40 ans \/ CSP+. Pas vraiment non plus de pr\u00e9sentation\u00a0\u00bbpersuasive\u00a0\u00bb, \u00ab\u00a0inspiring\u00a0\u00bb,\u00a0 \u00ab\u00a0jaw dropping\u00a0\u00bb\u00a0 selon la classification TED.\u00a0 Il manquait d\u00e9cid\u00e9ment un(e) conf\u00e9rencier(e) avec la passion de Hans Rosling ou de Carolyn Porco, l&rsquo;\u00e9motion de James Nachtwey, le charisme de Benjamin Zander, ou le culot de la neuroanatomiste Jill Bolte-Taylor qui apporta sur la sc\u00e8ne de TED 2008 \u00e0 Monterey \u00e0 la grande stupeur du public un v\u00e9ritable cerveau humain &#8211; complet avec sa mo\u00eblle \u00e9pini\u00e8re &#8211; pour en expliquer le fonctionnement. Dommage.<\/p>\n<p>Prochaine \u00e9dition : TEDxParis le 6 octobre 2012 \u00e0 l&rsquo;Olympia.<\/p>\n<p><strong>J&rsquo;ai aim\u00e9 :<\/strong><br \/>\n&#8211; l&rsquo;accueil : efficace et sympathique,<br \/>\n&#8211; le lieu (Espace Pierre Cardin),<br \/>\n&#8211; le buffet (miam ;-))<br \/>\n&#8211; les petits robots de Bruno Maisonnier (le geek qui sommeille en moi&#8230;)<\/p>\n<p><strong>Je n&rsquo;ai pas aim\u00e9 :<\/strong><br \/>\n&#8211; le programme des conf\u00e9rences disponible seulement la veille de l&rsquo;\u00e9v\u00e9nement, v\u00e9ritable ch\u00e8que en blanc fait aux organisateurs lors de l&rsquo;achat du billet,<br \/>\n&#8211; l&rsquo;absence de Wifi sur place (toujours le geek qui sommeille \ud83d\ude42<br \/>\n&#8211; le manque de diversit\u00e9 dans la salle comme dans les id\u00e9es d\u00e9velopp\u00e9es. Rien d&rsquo;inoubliable.<\/p>\n<\/div><\/div>","protected":false},"excerpt":{"rendered":"<p>J&rsquo;y \u00e9tais ! Inconditionnel des conf\u00e9rences TED (Technology-Entertainment-Design) disponibles en t\u00e9l\u00e9chargement sur le site\u00a0 www.ted.com et qui m&rsquo;ont permis de passer agr\u00e9ablement et utilement de longues heures d&rsquo;attente dans les a\u00e9roports du vaste monde (\u00ab\u00a0Due to the late arrival of the aircraft&#8230;\u00a0\u00bb), j&rsquo;ai particip\u00e9 aujourd&rsquo;hui 28 janvier pour la premi\u00e8re fois \u00e0\u00a0 un \u00e9v\u00e9nement \u00ab\u00a0TEDx\u00a0\u00bb [&hellip;]<\/p>\n","protected":false},"author":2,"featured_media":0,"comment_status":"open","ping_status":"open","sticky":false,"template":"","format":"standard","meta":{"footnotes":""},"categories":[4,6],"tags":[],"_links":{"self":[{"href":"https:\/\/www.fdelaitre.org\/wp2\/wp-json\/wp\/v2\/posts\/2459"}],"collection":[{"href":"https:\/\/www.fdelaitre.org\/wp2\/wp-json\/wp\/v2\/posts"}],"about":[{"href":"https:\/\/www.fdelaitre.org\/wp2\/wp-json\/wp\/v2\/types\/post"}],"author":[{"embeddable":true,"href":"https:\/\/www.fdelaitre.org\/wp2\/wp-json\/wp\/v2\/users\/2"}],"replies":[{"embeddable":true,"href":"https:\/\/www.fdelaitre.org\/wp2\/wp-json\/wp\/v2\/comments?post=2459"}],"version-history":[{"count":25,"href":"https:\/\/www.fdelaitre.org\/wp2\/wp-json\/wp\/v2\/posts\/2459\/revisions"}],"predecessor-version":[{"id":2510,"href":"https:\/\/www.fdelaitre.org\/wp2\/wp-json\/wp\/v2\/posts\/2459\/revisions\/2510"}],"wp:attachment":[{"href":"https:\/\/www.fdelaitre.org\/wp2\/wp-json\/wp\/v2\/media?parent=2459"}],"wp:term":[{"taxonomy":"category","embeddable":true,"href":"https:\/\/www.fdelaitre.org\/wp2\/wp-json\/wp\/v2\/categories?post=2459"},{"taxonomy":"post_tag","embeddable":true,"href":"https:\/\/www.fdelaitre.org\/wp2\/wp-json\/wp\/v2\/tags?post=2459"}],"curies":[{"name":"wp","href":"https:\/\/api.w.org\/{rel}","templated":true}]}}