{"id":2114,"date":"2011-09-29T21:31:50","date_gmt":"2011-09-29T20:31:50","guid":{"rendered":"http:\/\/www.fdelaitre.org\/wp2\/?p=2114"},"modified":"2011-10-01T18:58:31","modified_gmt":"2011-10-01T17:58:31","slug":"zurich-polybahn-up-and-down","status":"publish","type":"post","link":"https:\/\/www.fdelaitre.org\/wp2\/2011\/09\/zurich-polybahn-up-and-down\/","title":{"rendered":"Z\u00fcrich Polybahn: Up and Down"},"content":{"rendered":"<div id=\"dslc-theme-content\"><div id=\"dslc-theme-content-inner\"><p><em>Wir fahr&rsquo;n, fahr&rsquo;n, fahr&rsquo;n auf der Polybahn&#8230;<br \/>\n<\/em><\/p>\n<p style=\"padding-left: 240px;\">&#8211; avec mes excuses \u00e0 <em>Kraftwerk<\/em> \ud83d\ude42<\/p>\n<p>Deux petites vid\u00e9os sans pr\u00e9tention (r\u00e9alis\u00e9es avec l&rsquo;APN emprunt\u00e9 \u00e0 ma fille \ud83d\ude09 &#8211; \u00e0 refaire un jour peut-\u00eatre avec un camescope HD et un Steadycam) qui tentent de restituer l&rsquo;ambiance d&rsquo;un voyage sur le <a title=\"Polybahn\" href=\"https:\/\/www.fdelaitre.org\/wp2\/2009\/06\/polybahn\/\" target=\"_blank\">Polybahn<\/a> de Z\u00fcrich par une belle soir\u00e9e d&rsquo;automne.<\/p>\n<p><strong>Up :<\/strong><\/p>\n<p>[flv width=\u00a0\u00bb512&Prime; height=\u00a0\u00bb440&Prime;]http:\/\/www.fdelaitre.org\/video\/Polybahn_Up.flv[\/flv]<\/p>\n<p><strong>Down :<\/strong><\/p>\n<p>[flv width=\u00a0\u00bb512&Prime; height=\u00a0\u00bb410&Prime;]http:\/\/www.fdelaitre.org\/video\/Polybahn_Down.flv[\/flv]<\/p>\n<p>Le Polybahn a aussi son charme en hiver. Par une soir\u00e9e glaciale, n&rsquo;h\u00e9sitez pas \u00e0 vous installer sur la plateforme ext\u00e9rieure, \u00e0 l&rsquo;avant, sur la gauche. La mont\u00e9e dans l&rsquo;obscurit\u00e9 et le silence &#8211; \u00e0 peine troubl\u00e9 par les cloches lointaines de la Predigerkirche, de la Fraum\u00fcnsterkirche ou du Grossm\u00fcnster\u00a0 appelant au culte du soir et le zonzonnement du c\u00e2ble dans les\u00a0 poulies du funiculaire &#8211; est une exp\u00e9rience magique.<\/p>\n<\/div><\/div>","protected":false},"excerpt":{"rendered":"<p>Wir fahr&rsquo;n, fahr&rsquo;n, fahr&rsquo;n auf der Polybahn&#8230; &#8211; avec mes excuses \u00e0 Kraftwerk \ud83d\ude42 Deux petites vid\u00e9os sans pr\u00e9tention (r\u00e9alis\u00e9es avec l&rsquo;APN emprunt\u00e9 \u00e0 ma fille \ud83d\ude09 &#8211; \u00e0 refaire un jour peut-\u00eatre avec un camescope HD et un Steadycam) qui tentent de restituer l&rsquo;ambiance d&rsquo;un voyage sur le Polybahn de Z\u00fcrich par une belle [&hellip;]<\/p>\n","protected":false},"author":2,"featured_media":0,"comment_status":"open","ping_status":"open","sticky":false,"template":"","format":"standard","meta":{"footnotes":""},"categories":[7,3],"tags":[],"_links":{"self":[{"href":"https:\/\/www.fdelaitre.org\/wp2\/wp-json\/wp\/v2\/posts\/2114"}],"collection":[{"href":"https:\/\/www.fdelaitre.org\/wp2\/wp-json\/wp\/v2\/posts"}],"about":[{"href":"https:\/\/www.fdelaitre.org\/wp2\/wp-json\/wp\/v2\/types\/post"}],"author":[{"embeddable":true,"href":"https:\/\/www.fdelaitre.org\/wp2\/wp-json\/wp\/v2\/users\/2"}],"replies":[{"embeddable":true,"href":"https:\/\/www.fdelaitre.org\/wp2\/wp-json\/wp\/v2\/comments?post=2114"}],"version-history":[{"count":24,"href":"https:\/\/www.fdelaitre.org\/wp2\/wp-json\/wp\/v2\/posts\/2114\/revisions"}],"predecessor-version":[{"id":2137,"href":"https:\/\/www.fdelaitre.org\/wp2\/wp-json\/wp\/v2\/posts\/2114\/revisions\/2137"}],"wp:attachment":[{"href":"https:\/\/www.fdelaitre.org\/wp2\/wp-json\/wp\/v2\/media?parent=2114"}],"wp:term":[{"taxonomy":"category","embeddable":true,"href":"https:\/\/www.fdelaitre.org\/wp2\/wp-json\/wp\/v2\/categories?post=2114"},{"taxonomy":"post_tag","embeddable":true,"href":"https:\/\/www.fdelaitre.org\/wp2\/wp-json\/wp\/v2\/tags?post=2114"}],"curies":[{"name":"wp","href":"https:\/\/api.w.org\/{rel}","templated":true}]}}