{"id":2015,"date":"2011-08-12T19:48:00","date_gmt":"2011-08-12T18:48:00","guid":{"rendered":"http:\/\/www.fdelaitre.org\/wp2\/2011\/08\/swiss-vapeur-parc-edition-2011\/"},"modified":"2011-08-12T19:48:00","modified_gmt":"2011-08-12T18:48:00","slug":"swiss-vapeur-parc-edition-2011","status":"publish","type":"post","link":"https:\/\/www.fdelaitre.org\/wp2\/2011\/08\/swiss-vapeur-parc-edition-2011\/","title":{"rendered":"Swiss Vapeur Parc &#8211; \u00e9dition 2011"},"content":{"rendered":"<div id=\"dslc-theme-content\"><div id=\"dslc-theme-content-inner\"><p>Le temps nous est malheureusement toujours compt\u00e9 \u00e0 chaque \u00e9tape \u00e0 Montreux, et il y a tant \u00e0 voir. Mais cela ne doit pas emp\u00eacher de prendre le temps d&rsquo;un bon petit-d\u00e9je\u00fbner dans le jardin de l&rsquo;h\u00f4tel, face aux Dents du Midi. Dans le lointain, on entend le bruit de la cr\u00e9maill\u00e8re du MGN qui hisse ses premiers touristes \u00e0 l&rsquo;assaut du Roc de Naye.<\/p>\n<p style=\"TEXT-ALIGN: center\"><img decoding=\"async\" loading=\"lazy\" src=\"https:\/\/www.fdelaitre.org\/wp2\/wp-content\/uploads\/2011\/08\/Glion_1.jpg\" alt=\"Glion_1.jpg\" height=\"512\" width=\"341\"\/><\/p>\n<p style=\"TEXT-ALIGN: center\"><em><strong>Another perfect day between lake and mountains&#8230;<\/strong><\/em><\/p>\n<p style=\"TEXT-ALIGN: left\">Avant de rejoindre le Swiss Vapeur Parc au Bouveret, d\u00e9tour par Martigny pour visiter une exposition assez exceptionnelle \u00e0 la Fondation Pierre Gianadda :<\/p>\n<p style=\"TEXT-ALIGN: center\"><img decoding=\"async\" loading=\"lazy\" src=\"https:\/\/www.fdelaitre.org\/wp2\/wp-content\/uploads\/2011\/08\/Monet.jpg\" alt=\"Monet.jpg\" height=\"491\" width=\"368\"\/><\/p>\n<p style=\"TEXT-ALIGN: left\">Soixante-dix, pardon septante toiles de Claude Monet en provenance du Mus\u00e9e Marmottan ou de collections priv\u00e9es suisses. Cerise sur le g\u00e2teau, pas de file d&rsquo;attente de 500 m\u00e8tres aux caisses ou de cr\u00e9neau de visite impos\u00e9 entre 2h00 et 3h00 du matin, comme \u00e0 Paris chaque fois qu&rsquo;une exposition comporte \u00ab\u00a0Impressioniste\u00a0\u00bb dans son titre.<\/p>\n<p style=\"TEXT-ALIGN: left\">Au Bouveret, c&rsquo;\u00e9tait la foule des grands jours. Outre la f\u00eate foraine, il y avait une d\u00e9monstration d&rsquo;hydravions sur le L\u00e9man organis\u00e9 par l&rsquo;association SPAS (Seaplane Pilots Association Switzerland) qui tente de faire revivre <a href=\"https:\/\/www.fdelaitre.org\/wp2\/2011\/04\/montreux-southampton\/\" target=\"_blank\">les grandes heures de ces bateaux volants<\/a> (ou ces avions flottants c&rsquo;est selon) sur le lac.<\/p>\n<p style=\"TEXT-ALIGN: center\"><img decoding=\"async\" loading=\"lazy\" src=\"https:\/\/www.fdelaitre.org\/wp2\/wp-content\/uploads\/2011\/08\/spas_events.jpg\" alt=\"spas-events.jpg\" height=\"376\" width=\"255\"\/><\/p>\n<p style=\"TEXT-ALIGN: center\"><img decoding=\"async\" loading=\"lazy\" src=\"https:\/\/www.fdelaitre.org\/wp2\/wp-content\/uploads\/2011\/08\/Hydravion_SPAS.jpg\" alt=\"Hydravion_SPAS.jpg\" height=\"295\" width=\"512\"\/><\/p>\n<p style=\"TEXT-ALIGN: left\">Mais venons en aux faits. Le Swiss Vapeur Parc cuv\u00e9e 2011 nous a r\u00e9serv\u00e9 quelques d\u00e9couvertes. Tout d&rsquo;abord cette He 2\/2 inspir\u00e9e d&rsquo;un mod\u00e8le du WAB (Wengernalp Bahn, une des lignes \u00e0 voie \u00e9troite qui constitue la cha\u00eene BOB-WAB-JB qui permet d&rsquo;acc\u00e9der \u00e0 la Jungfrau). Bien que construite en 2007, c&rsquo;est la premi\u00e8re fois que je la voyais en circulation :<\/p>\n<p style=\"TEXT-ALIGN: center\"><img decoding=\"async\" loading=\"lazy\" src=\"https:\/\/www.fdelaitre.org\/wp2\/wp-content\/uploads\/2011\/08\/SVP_2011_1.jpg\" alt=\"SVP_2011_1.jpg\" height=\"341\" width=\"512\"\/><\/p>\n<p style=\"TEXT-ALIGN: left\">Le mauvais temps qui a r\u00e9gn\u00e9 sur le Chablais d\u00e9but ao\u00fbt avait incit\u00e9 les responsables du Swiss Vapeur Parc \u00e0 sortir leur superbe rame panoramique du MOB (voitures ferm\u00e9es utilisables par tous les temps) :<\/p>\n<p style=\"TEXT-ALIGN: center\"><img decoding=\"async\" loading=\"lazy\" src=\"https:\/\/www.fdelaitre.org\/wp2\/wp-content\/uploads\/2011\/08\/SVP_2011_2.jpg\" alt=\"SVP_2011_2.jpg\" height=\"341\" width=\"512\"\/><\/p>\n<p style=\"TEXT-ALIGN: left\">Autre machine rarement vue en circulation, cette petite 4-6-0 am\u00e9ricaine &#8211; rapidement gar\u00e9e pour cause d&rsquo;affluence car sa capacit\u00e9 de traction se limitait \u00e0 quelques voitures\/wagons :<\/p>\n<p style=\"TEXT-ALIGN: center\"><img decoding=\"async\" loading=\"lazy\" src=\"https:\/\/www.fdelaitre.org\/wp2\/wp-content\/uploads\/2011\/08\/SVP_2011_5.jpg\" alt=\"SVP_2011_5.jpg\" height=\"512\" width=\"341\"\/><\/p>\n<p style=\"TEXT-ALIGN: left\">Dans la gare de Chablais-City, c&rsquo;\u00e9tait la foule, pire qu&rsquo;\u00e0 Saint-Lazare un soir de gr\u00e8ve&#8230;<\/p>\n<p style=\"TEXT-ALIGN: center\"><img decoding=\"async\" loading=\"lazy\" src=\"https:\/\/www.fdelaitre.org\/wp2\/wp-content\/uploads\/2011\/08\/SVP_2011_3.jpg\" alt=\"SVP_2011_3.jpg\" height=\"341\" width=\"512\"\/><\/p>\n<p style=\"TEXT-ALIGN: left\">Un petit tuyau : pour \u00eatre s\u00fbr(e) de ne rater aucun train, allez manger une cr\u00eape\/galette au Bar de la Treille et choisissez une table en bord de voie, tous les trains en circulation sont oblig\u00e9s de passer \u00e0 cet endroit strat\u00e9gique \ud83d\ude09 De plus, le cidre normand qui y est servi est tout \u00e0 fait honorable :<\/p>\n<p style=\"TEXT-ALIGN: center\"><img decoding=\"async\" loading=\"lazy\" src=\"https:\/\/www.fdelaitre.org\/wp2\/wp-content\/uploads\/2011\/08\/SVP_2011_6.jpg\" alt=\"SVP_2011_6.jpg\" height=\"341\" width=\"512\"\/><\/p>\n<p style=\"TEXT-ALIGN: left\">La nouveaut\u00e9 2011 \u00e9tait la fin des travaux d&rsquo;am\u00e9nagement de la \u00ab\u00a0montagne\u00a0\u00bb derri\u00e8re la station de la Prairie, desservie par le train \u00e0 cr\u00e9maill\u00e8re :<\/p>\n<p style=\"TEXT-ALIGN: center\"><img decoding=\"async\" loading=\"lazy\" src=\"https:\/\/www.fdelaitre.org\/wp2\/wp-content\/uploads\/2011\/08\/SVP_2011_4.jpg\" alt=\"SVP_2011_4.jpg\" height=\"341\" width=\"512\"\/><\/p>\n<p style=\"TEXT-ALIGN: left\">En particulier, une \u00e9vocation des \u00ab\u00a0bisses\u00a0\u00bb du Valais et des am\u00e9nagements du Torrent-Neuf a \u00e9veill\u00e9 notre curiosit\u00e9 et modifi\u00e9 nos plans de visite pour la journ\u00e9e suivante :<\/p>\n<p style=\"TEXT-ALIGN: center\"><img decoding=\"async\" loading=\"lazy\" src=\"https:\/\/www.fdelaitre.org\/wp2\/wp-content\/uploads\/2011\/08\/SVP_2011_7.jpg\" alt=\"SVP_2011_7.jpg\" height=\"512\" width=\"341\"\/><\/p>\n<p style=\"TEXT-ALIGN: center\"><img decoding=\"async\" loading=\"lazy\" src=\"https:\/\/www.fdelaitre.org\/wp2\/wp-content\/uploads\/2011\/08\/SVP_2011_8.jpg\" alt=\"SVP_2011_8.jpg\" height=\"512\" width=\"341\"\/><\/p>\n<p style=\"TEXT-ALIGN: center\"><img decoding=\"async\" loading=\"lazy\" src=\"https:\/\/www.fdelaitre.org\/wp2\/wp-content\/uploads\/2011\/08\/SVP_2011_9.jpg\" alt=\"SVP_2011_9.jpg\" height=\"512\" width=\"341\"\/><\/p>\n<p style=\"TEXT-ALIGN: left\">A suivre&#8230;<\/p>\n<p style=\"TEXT-ALIGN: left\">\n<p style=\"TEXT-ALIGN: left\">\n<\/div><\/div>","protected":false},"excerpt":{"rendered":"<p>Le temps nous est malheureusement toujours compt\u00e9 \u00e0 chaque \u00e9tape \u00e0 Montreux, et il y a tant \u00e0 voir. Mais cela ne doit pas emp\u00eacher de prendre le temps d&rsquo;un bon petit-d\u00e9je\u00fbner dans le jardin de l&rsquo;h\u00f4tel, face aux Dents du Midi. Dans le lointain, on entend le bruit de la cr\u00e9maill\u00e8re du MGN qui [&hellip;]<\/p>\n","protected":false},"author":2,"featured_media":0,"comment_status":"open","ping_status":"open","sticky":false,"template":"","format":"standard","meta":{"footnotes":""},"categories":[4,2,7],"tags":[159,160,179,161],"_links":{"self":[{"href":"https:\/\/www.fdelaitre.org\/wp2\/wp-json\/wp\/v2\/posts\/2015"}],"collection":[{"href":"https:\/\/www.fdelaitre.org\/wp2\/wp-json\/wp\/v2\/posts"}],"about":[{"href":"https:\/\/www.fdelaitre.org\/wp2\/wp-json\/wp\/v2\/types\/post"}],"author":[{"embeddable":true,"href":"https:\/\/www.fdelaitre.org\/wp2\/wp-json\/wp\/v2\/users\/2"}],"replies":[{"embeddable":true,"href":"https:\/\/www.fdelaitre.org\/wp2\/wp-json\/wp\/v2\/comments?post=2015"}],"version-history":[{"count":0,"href":"https:\/\/www.fdelaitre.org\/wp2\/wp-json\/wp\/v2\/posts\/2015\/revisions"}],"wp:attachment":[{"href":"https:\/\/www.fdelaitre.org\/wp2\/wp-json\/wp\/v2\/media?parent=2015"}],"wp:term":[{"taxonomy":"category","embeddable":true,"href":"https:\/\/www.fdelaitre.org\/wp2\/wp-json\/wp\/v2\/categories?post=2015"},{"taxonomy":"post_tag","embeddable":true,"href":"https:\/\/www.fdelaitre.org\/wp2\/wp-json\/wp\/v2\/tags?post=2015"}],"curies":[{"name":"wp","href":"https:\/\/api.w.org\/{rel}","templated":true}]}}