{"id":195,"date":"2008-07-13T10:54:09","date_gmt":"2008-07-13T09:54:09","guid":{"rendered":"http:\/\/fdelaitre.club.fr\/?p=195"},"modified":"2010-05-15T15:59:22","modified_gmt":"2010-05-15T14:59:22","slug":"souvenirs-de-dieppe-maritime","status":"publish","type":"post","link":"https:\/\/www.fdelaitre.org\/wp2\/2008\/07\/souvenirs-de-dieppe-maritime\/","title":{"rendered":"Souvenirs de Dieppe-Maritime"},"content":{"rendered":"<div id=\"dslc-theme-content\"><div id=\"dslc-theme-content-inner\"><p style=\"text-align: left;\"><em>Un petit texte r\u00e9dig\u00e9 \u00e0 la demande d&rsquo;un jeune contributeur du Forum Loco-Revue ag\u00e9 de 12 ans dont le pseudo \u00e9tait \u00ab\u00a0V-150\u00a0\u00bb &#8211; r\u00e9f\u00e9rence au record du monde de vitesse sur rail d\u00e9tenu par Alstom.<br \/>\n<\/em><\/p>\n<p><span class=\"postbody\"><span style=\"color: red;\"><span style=\"font-size: 18px; line-height: normal;\">Dieppe<\/span><\/span><\/span><\/p>\n<p>Bonjour V-150. En tant que citoyen de la Libre R\u00e9publique du Bout-du-Quai \u00e0 Dieppe, je peux surtout te parler de la gare maritime de Dieppe, la 3e du nom construite par Urbain Cassan \u00e0 la fin de la Deuxi\u00e8me Guerre Mondiale dans le plus pur style \u00ab\u00a0reconstruction\u00a0\u00bb.<\/p>\n<p style=\"text-align: center;\"><img decoding=\"async\" loading=\"lazy\" class=\"aligncenter size-full wp-image-882\" title=\"Blog-Dieppe_1\" src=\"https:\/\/www.fdelaitre.org\/wp2\/wp-content\/uploads\/2008\/07\/Blog-Dieppe_1.jpg\" alt=\"Blog-Dieppe_1\" width=\"512\" height=\"315\" srcset=\"https:\/\/www.fdelaitre.org\/wp2\/wp-content\/uploads\/2008\/07\/Blog-Dieppe_1.jpg 853w, https:\/\/www.fdelaitre.org\/wp2\/wp-content\/uploads\/2008\/07\/Blog-Dieppe_1-300x184.jpg 300w\" sizes=\"(max-width: 512px) 100vw, 512px\" \/><\/p>\n<p><span class=\"postbody\">Cette gare \u00e9tait &#8211; en principe &#8211; r\u00e9serv\u00e9e aux passagers prenant le Car-Ferry de Newhaven, mais \u00e9tait utilis\u00e9e par les habitants du Front de mer et du Bout du Quai, leur \u00e9pargnant un kilom\u00e8tre \u00e0 pied depuis la gare de Dieppe Ville sous un ciel cauchois toujours incertain. De toutes fa\u00e7ons, si les horaires mentionnaient sp\u00e9cifiquement Dieppe-Ville et Dieppe Maritime (de m\u00e9moire : 10 minutes \u00e9taient allou\u00e9es pour aller de l&rsquo;une \u00e0 l&rsquo;autre, il y avait trois\/quatre PN \u00e0 manoeuvrer par un agent SNCF qui se d\u00e9pla\u00e7ait \u00e0 pied \u00e0 c\u00f4t\u00e9 du train), le billet ne mentionnait que \u00ab\u00a0Dieppe\u00a0\u00bb. Nous \u00e9tions donc &#8211; on le suppose &#8211; dans la l\u00e9galit\u00e9, d&rsquo;autant qu&rsquo;il y avait un composteur orange \u00e0 disposition dans la gare maritime pour \u00ab\u00a0chtonker\u00a0\u00bb avant le d\u00e9part. Aucune remarque d&rsquo;aucune sorte par les ACT en 13 ans de fr\u00e9quentation des lieux.<\/span><\/p>\n<p>Donc, lorsque je fr\u00e9quentais la gare maritime (de 1979 jusqu&rsquo;\u00e0 sa fermeture en 1992), cet \u00e9tablissement \u00e9tait desservi par le train maritime quotidien. D\u00e9part Paris Saint-Lazare vers 10h45, arriv\u00e9e Dieppe-Maritime 13h10. Retour : Dieppe-Maritime 15h50 arriv\u00e9e PSL \u00e0 18h07, avec deux arr\u00eats interm\u00e9diaires : Rouen-RD et Val de Reuil. Entre 13h10 et 15h50, la rame refoulait sur le faisceau de garage en gare de Dieppe-Ville pour nettoyage et remise en t\u00eate de la locomotive.<\/p>\n<p>C\u00f4t\u00e9 mat\u00e9riel roulant, j&rsquo;ai surtout connu les rames Corail tract\u00e9es par une 67000 (avec changement de machine pour une \u00e9lectrique \u00e0 Rouen-RD, vers la fin de l&rsquo;exploitation, c&rsquo;\u00e9tait di\u00e9sel jusqu&rsquo;\u00e0 PSL). Un vrai plaisir de glisser dans les rues de Dieppe, le long des Arcades de la Bourse avec de l&rsquo;autre c\u00f4t\u00e9 du bassin les hangars des mareyeurs qui affichaient fi\u00e8rement \u00ab\u00a0Poisson Dieppois, Poisson de choix\u00a0\u00bb, le tout dans un silence quasi-absolu \u00e0 bord d&rsquo;une voiture Corail. <img decoding=\"async\" src=\"http:\/\/www.lrpresse.fr\/trains\/images\/smiles\/icon_cool.gif\" border=\"0\" alt=\"Cool\" \/> On voyait de temps \u00e0 autre des trains sp\u00e9ciaux affr\u00e9t\u00e9s, et \u00e0 une \u00e9poque des Caravelles qui assuraient une liaison directe depuis PSL lors de l&rsquo;\u00e9ph\u00e9m\u00e8re exploitation Dieppe-Newhaven par hydropt\u00e8re \u00e0 grande vitesse (la soci\u00e9t\u00e9 a fait faillite lors d&rsquo;une des nombreuses gr\u00e8ves de p\u00e9cheurs ou de dockers avec blocage du chenal qui ont contribu\u00e9 \u00e0 l&rsquo;\u00e9croulement du port de Dieppe). Il y avait aussi des citernes de mazout en stationnement le long du bateau pour le ravitaillement en combustible des esquifs.<\/p>\n<p>Les rails ont surv\u00e9cu quelque temps apr\u00e8s la d\u00e9molition de la gare, puis suite \u00e0 l&rsquo;am\u00e9nagement du port de plaisance, tout le rev\u00eatement des quais a \u00e9t\u00e9 refait. On trouve encore quelques bouts de rail Broca du c\u00f4t\u00e9 de la place du H\u00e2ble en allant vers le s\u00e9maphore. Evidemment, on peut regretter cette desserte ferroviaire, d&rsquo;un autre c\u00f4t\u00e9 la d\u00e9molition de la gare a permis de d\u00e9gager tout le quai Henri IV et de reporter le trafic de poids lourds Transmanche vers le port ext\u00e9rieur (il faut savoir que des 38 tonnes se faufilaient sur le quai entre la gare et la fa\u00e7ade des immeubles, les trottoirs faisant \u00e0 peine 1,50m de large, l&rsquo;endroit \u00e9tait invivable et dangereux pour les pi\u00e9tons <img decoding=\"async\" src=\"http:\/\/www.lrpresse.fr\/trains\/images\/smiles\/icon_mort.gif\" border=\"0\" alt=\"Mort\" \/> ).<\/p>\n<p>Un bon sujet de diorama sur une petite surface (en N par exemple). Une id\u00e9e pour Fran\u00e7ois (Fontana) qui aime les ports <img decoding=\"async\" src=\"http:\/\/www.lrpresse.fr\/trains\/images\/smiles\/icon_mrgreen.gif\" border=\"0\" alt=\"Mr. Green\" \/>.<\/p>\n<p><span class=\"postbody\">Quelques vues de l&rsquo;ancienne gare qui a \u00e9t\u00e9 une victime collat\u00e9rale des combats lors du d\u00e9barquement anglo-canadien du 19 ao\u00fbt 1942 : <\/span><\/p>\n<p style=\"text-align: center;\"><img decoding=\"async\" loading=\"lazy\" class=\"size-full wp-image-883 aligncenter\" title=\"Blog-Dieppe_2\" src=\"https:\/\/www.fdelaitre.org\/wp2\/wp-content\/uploads\/2008\/07\/Blog-Dieppe_2.jpg\" alt=\"Blog-Dieppe_2\" width=\"520\" height=\"267\" srcset=\"https:\/\/www.fdelaitre.org\/wp2\/wp-content\/uploads\/2008\/07\/Blog-Dieppe_2.jpg 977w, https:\/\/www.fdelaitre.org\/wp2\/wp-content\/uploads\/2008\/07\/Blog-Dieppe_2-300x154.jpg 300w\" sizes=\"(max-width: 520px) 100vw, 520px\" \/><\/p>\n<p><img decoding=\"async\" loading=\"lazy\" class=\"size-full wp-image-884 alignnone\" title=\"Blog-Dieppe_3\" src=\"https:\/\/www.fdelaitre.org\/wp2\/wp-content\/uploads\/2008\/07\/Blog-Dieppe_3.jpg\" alt=\"Blog-Dieppe_3\" width=\"520\" height=\"334\" srcset=\"https:\/\/www.fdelaitre.org\/wp2\/wp-content\/uploads\/2008\/07\/Blog-Dieppe_3.jpg 791w, https:\/\/www.fdelaitre.org\/wp2\/wp-content\/uploads\/2008\/07\/Blog-Dieppe_3-300x192.jpg 300w\" sizes=\"(max-width: 520px) 100vw, 520px\" \/><\/p>\n<p><img decoding=\"async\" loading=\"lazy\" class=\"aligncenter size-full wp-image-885\" title=\"Blog-Dieppe_4\" src=\"https:\/\/www.fdelaitre.org\/wp2\/wp-content\/uploads\/2008\/07\/Blog-Dieppe_4.jpg\" alt=\"Blog-Dieppe_4\" width=\"520\" height=\"354\" srcset=\"https:\/\/www.fdelaitre.org\/wp2\/wp-content\/uploads\/2008\/07\/Blog-Dieppe_4.jpg 758w, https:\/\/www.fdelaitre.org\/wp2\/wp-content\/uploads\/2008\/07\/Blog-Dieppe_4-300x204.jpg 300w\" sizes=\"(max-width: 520px) 100vw, 520px\" \/><\/p>\n<p><span class=\"postbody\">Une autre vue int\u00e9ressante d&rsquo;un train arrivant en gare de Dieppe Maritime avant la Deuxi\u00e8me Guerre Mondiale, on distingue le panneau \u00ab\u00a0Paris Londres via Dieppe\u00a0\u00bb sur les voitures et l&rsquo;ancienne Halle aux poissons \u00e0 gauche : <\/span><\/p>\n<p><img decoding=\"async\" loading=\"lazy\" class=\"aligncenter size-full wp-image-886\" title=\"Blog-Dieppe_5\" src=\"https:\/\/www.fdelaitre.org\/wp2\/wp-content\/uploads\/2008\/07\/Blog-Dieppe_5.jpg\" alt=\"Blog-Dieppe_5\" width=\"520\" height=\"326\" srcset=\"https:\/\/www.fdelaitre.org\/wp2\/wp-content\/uploads\/2008\/07\/Blog-Dieppe_5.jpg 796w, https:\/\/www.fdelaitre.org\/wp2\/wp-content\/uploads\/2008\/07\/Blog-Dieppe_5-300x188.jpg 300w\" sizes=\"(max-width: 520px) 100vw, 520px\" \/><\/p>\n<\/div><\/div>","protected":false},"excerpt":{"rendered":"<p>Un petit texte r\u00e9dig\u00e9 \u00e0 la demande d&rsquo;un jeune contributeur du Forum Loco-Revue ag\u00e9 de 12 ans dont le pseudo \u00e9tait \u00ab\u00a0V-150\u00a0\u00bb &#8211; r\u00e9f\u00e9rence au record du monde de vitesse sur rail d\u00e9tenu par Alstom. Dieppe Bonjour V-150. En tant que citoyen de la Libre R\u00e9publique du Bout-du-Quai \u00e0 Dieppe, je peux surtout te parler [&hellip;]<\/p>\n","protected":false},"author":2,"featured_media":0,"comment_status":"open","ping_status":"open","sticky":false,"template":"","format":"standard","meta":{"footnotes":""},"categories":[3],"tags":[],"_links":{"self":[{"href":"https:\/\/www.fdelaitre.org\/wp2\/wp-json\/wp\/v2\/posts\/195"}],"collection":[{"href":"https:\/\/www.fdelaitre.org\/wp2\/wp-json\/wp\/v2\/posts"}],"about":[{"href":"https:\/\/www.fdelaitre.org\/wp2\/wp-json\/wp\/v2\/types\/post"}],"author":[{"embeddable":true,"href":"https:\/\/www.fdelaitre.org\/wp2\/wp-json\/wp\/v2\/users\/2"}],"replies":[{"embeddable":true,"href":"https:\/\/www.fdelaitre.org\/wp2\/wp-json\/wp\/v2\/comments?post=195"}],"version-history":[{"count":8,"href":"https:\/\/www.fdelaitre.org\/wp2\/wp-json\/wp\/v2\/posts\/195\/revisions"}],"predecessor-version":[{"id":1288,"href":"https:\/\/www.fdelaitre.org\/wp2\/wp-json\/wp\/v2\/posts\/195\/revisions\/1288"}],"wp:attachment":[{"href":"https:\/\/www.fdelaitre.org\/wp2\/wp-json\/wp\/v2\/media?parent=195"}],"wp:term":[{"taxonomy":"category","embeddable":true,"href":"https:\/\/www.fdelaitre.org\/wp2\/wp-json\/wp\/v2\/categories?post=195"},{"taxonomy":"post_tag","embeddable":true,"href":"https:\/\/www.fdelaitre.org\/wp2\/wp-json\/wp\/v2\/tags?post=195"}],"curies":[{"name":"wp","href":"https:\/\/api.w.org\/{rel}","templated":true}]}}