{"id":1942,"date":"2011-07-27T12:17:00","date_gmt":"2011-07-27T11:17:00","guid":{"rendered":"http:\/\/www.fdelaitre.org\/wp2\/2011\/07\/reserviert\/"},"modified":"2012-01-31T14:32:59","modified_gmt":"2012-01-31T13:32:59","slug":"reserviert","status":"publish","type":"post","link":"https:\/\/www.fdelaitre.org\/wp2\/2011\/07\/reserviert\/","title":{"rendered":"Reserviert!"},"content":{"rendered":"<div id=\"dslc-theme-content\"><div id=\"dslc-theme-content-inner\"><p>V\u00e9ritable plaie que la prolif\u00e9ration des voitures r\u00e9serv\u00e9es sur la ligne de la Bernina.<\/p>\n<p style=\"text-align: center;\"><img decoding=\"async\" loading=\"lazy\" src=\"https:\/\/www.fdelaitre.org\/wp2\/wp-content\/uploads\/2011\/08\/Reserviert.jpg\" alt=\"Reserviert.jpg\" width=\"512\" height=\"341\" \/><\/p>\n<p>Certes, la pratique de r\u00e9server une voiture enti\u00e8re sur la totalit\u00e9 ou un tron\u00e7on d&rsquo;un parcours est courante en Suisse. Il n&rsquo;est pas rare de voir le matin \u00e0 Z\u00fcrich Hauptbahnhof une ou deux voitures suppl\u00e9mentaires attel\u00e9es en t\u00eate d&rsquo;un train <em>Regio<\/em> vers B\u00e2le ou Berne, r\u00e9serv\u00e9es pour un groupe touristique ou une <em>Verein<\/em> locale. Mais ce ou ces voitures viennent en compl\u00e9ment de la composition normale de la rame.<\/p>\n<p>Les Chemins de fer rh\u00e9tiques, que l&rsquo;on a connu mieux organis\u00e9s, pr\u00e9f\u00e8rent r\u00e9server la quasi-totalit\u00e9 d&rsquo;un train pour les agences de voyages, majoritairement japonaises (effet \u00ab\u00a0Hakone\u00a0\u00bb). Ce qui fait que sur une composition normale Bernina : automotrice Allegra + 6 voitures + un ou deux wagons de marchandises, les 6 voitures sont r\u00e9serv\u00e9es aux groupes tandis que le voyageur lambda doit s&rsquo;entasser avec VTTistes et v\u00e9los boueux dans l&rsquo;automotrice Allegra.<\/p>\n<p style=\"text-align: center;\"><img decoding=\"async\" loading=\"lazy\" src=\"https:\/\/www.fdelaitre.org\/wp2\/wp-content\/uploads\/2011\/08\/Reserviert_2.jpg\" alt=\"Reserviert-2.jpg\" width=\"512\" height=\"132\" \/><\/p>\n<p>Cette derni\u00e8re, quoiqu&rsquo;en apparence spacieuse, prend alors rapidement l&rsquo;allure du S-Bahn (RER) de Z\u00fcrich aux heures de pointe. Impression encore renforc\u00e9e par la pr\u00e9sence d&rsquo;\u00e9crans plats d&rsquo;affichage de la ligne :<\/p>\n<p style=\"text-align: center;\"><img decoding=\"async\" loading=\"lazy\" src=\"https:\/\/www.fdelaitre.org\/wp2\/wp-content\/uploads\/2011\/08\/Reserviert_3.jpg\" alt=\"Reserviert-3.jpg\" width=\"512\" height=\"341\" \/><\/p>\n<p style=\"text-align: left;\">Luxueux mais bond\u00e9.<\/p>\n<p style=\"text-align: left;\">Cette pratique devient franchement contestable lorsque le chef de train &#8211; faute de panneaux \u00ab\u00a0Reserviert\u00a0\u00bb en nombre suffisant &#8211; condamne \u00e0 grands coups de cl\u00e9 de Berne les voitures r\u00e9serv\u00e9es : portes et intercirculations (\u00e0 croire que les morts de la <a href=\"http:\/\/fr.wikipedia.org\/wiki\/Catastrophe_ferroviaire_de_Meudon\" target=\"_blank\">catastrophe de Meudon du 8 mai 1842<\/a> n&rsquo;ont servi \u00e0 rien). Nous nous sommes ainsi retrouv\u00e9s ce matin faute d&rsquo;indications coinc\u00e9s sur une plateforme d&rsquo;une voiture mixte, le gentil contr\u00f4leur ayant condamn\u00e9 la porte de s\u00e9paration 1e\/2e classe malgr\u00e9 la pr\u00e9sence de passagers dans le compartiment de 1e classe. L&#8217;employ\u00e9 du RhB nous fit d&rsquo;ailleurs comprendre en termes non \u00e9quivoques que notre pr\u00e9sence dans cette voiture n&rsquo;\u00e9tait pas souhaitable et nous conseilla fermement d&rsquo;aller piquer un sprint en t\u00eate du train d\u00e8s l&rsquo;arr\u00eat suivant &#8211; Morteratsch &#8211; rejoindre d&rsquo;autres infortun\u00e9s voyageurs entass\u00e9s dans l&rsquo;automotrice Allegra. Le sprint en question faillit se transformer en \u00e9pop\u00e9e guerri\u00e8re fa\u00e7on \u00ab\u00a0Rashomon\u00a0\u00bb lorsque sur le quai de Morteratsch notre progression fut stopp\u00e9e par une nu\u00e9e de touristes japonais affol\u00e9s courant en sens inverse \u00e0 la recherche de leur voiture r\u00e9serv\u00e9e&#8230;<\/p>\n<p>Am\u00e8re conclusion pour un ferroviphile : pour passer le col de la Bernina en toute s\u00e9r\u00e9nit\u00e9 \u00e0 la haute saison, prenez le Car Postal. \ud83d\ude41<\/p>\n<p style=\"text-align: center;\"><img decoding=\"async\" loading=\"lazy\" src=\"https:\/\/www.fdelaitre.org\/wp2\/wp-content\/uploads\/2011\/08\/Reserviert_4.jpg\" alt=\"Reserviert-4.jpg\" width=\"512\" height=\"341\" \/><\/p>\n<\/div><\/div>","protected":false},"excerpt":{"rendered":"<p>V\u00e9ritable plaie que la prolif\u00e9ration des voitures r\u00e9serv\u00e9es sur la ligne de la Bernina. Certes, la pratique de r\u00e9server une voiture enti\u00e8re sur la totalit\u00e9 ou un tron\u00e7on d&rsquo;un parcours est courante en Suisse. Il n&rsquo;est pas rare de voir le matin \u00e0 Z\u00fcrich Hauptbahnhof une ou deux voitures suppl\u00e9mentaires attel\u00e9es en t\u00eate d&rsquo;un train [&hellip;]<\/p>\n","protected":false},"author":2,"featured_media":0,"comment_status":"open","ping_status":"open","sticky":false,"template":"","format":"standard","meta":{"footnotes":""},"categories":[7,3],"tags":[147,68,179],"_links":{"self":[{"href":"https:\/\/www.fdelaitre.org\/wp2\/wp-json\/wp\/v2\/posts\/1942"}],"collection":[{"href":"https:\/\/www.fdelaitre.org\/wp2\/wp-json\/wp\/v2\/posts"}],"about":[{"href":"https:\/\/www.fdelaitre.org\/wp2\/wp-json\/wp\/v2\/types\/post"}],"author":[{"embeddable":true,"href":"https:\/\/www.fdelaitre.org\/wp2\/wp-json\/wp\/v2\/users\/2"}],"replies":[{"embeddable":true,"href":"https:\/\/www.fdelaitre.org\/wp2\/wp-json\/wp\/v2\/comments?post=1942"}],"version-history":[{"count":5,"href":"https:\/\/www.fdelaitre.org\/wp2\/wp-json\/wp\/v2\/posts\/1942\/revisions"}],"predecessor-version":[{"id":2511,"href":"https:\/\/www.fdelaitre.org\/wp2\/wp-json\/wp\/v2\/posts\/1942\/revisions\/2511"}],"wp:attachment":[{"href":"https:\/\/www.fdelaitre.org\/wp2\/wp-json\/wp\/v2\/media?parent=1942"}],"wp:term":[{"taxonomy":"category","embeddable":true,"href":"https:\/\/www.fdelaitre.org\/wp2\/wp-json\/wp\/v2\/categories?post=1942"},{"taxonomy":"post_tag","embeddable":true,"href":"https:\/\/www.fdelaitre.org\/wp2\/wp-json\/wp\/v2\/tags?post=1942"}],"curies":[{"name":"wp","href":"https:\/\/api.w.org\/{rel}","templated":true}]}}