{"id":1902,"date":"2011-08-03T17:40:18","date_gmt":"2011-08-03T16:40:18","guid":{"rendered":"http:\/\/www.fdelaitre.org\/wp2\/2011\/08\/scuol-cite-de-la-deprime\/"},"modified":"2011-08-07T13:42:20","modified_gmt":"2011-08-07T12:42:20","slug":"scuol-cite-de-la-deprime","status":"publish","type":"post","link":"https:\/\/www.fdelaitre.org\/wp2\/2011\/08\/scuol-cite-de-la-deprime\/","title":{"rendered":"Scuol : cit\u00e9 de la d\u00e9prime&#8230;"},"content":{"rendered":"<div id=\"dslc-theme-content\"><div id=\"dslc-theme-content-inner\"><p>Je ne vais pas me faire des copains du c\u00f4t\u00e9 de l&rsquo;Office de tourisme local, mais le monde <span style=\"TEXT-DECORATION: underline\">doit<\/span> savoir ;-). Scuol est la plus d\u00e9primante cit\u00e9 de l&rsquo;Engadine (voire m\u00eame de Suisse, quoique, \u00e0 mon avis, le titre appartient toujours \u00e0 Glattpark pr\u00e8s de Glattbrugg dans la banlieue de Z\u00fcrich, surtout le dimanche apr\u00e8s-midi).<\/p>\n<p>L&rsquo;endroit a connu son heure de gloire pour son thermalisme, mais faute probablement d&rsquo;avoir su n\u00e9gocier le virage du <em>wellness<\/em> (massages, bains bouillonnants et piscines panoramiques plut\u00f4t qu&rsquo;absorption \u00e0 heures r\u00e9guli\u00e8res d&rsquo;eau \u00e0 l&rsquo;odeur f\u00e9tide), la cit\u00e9 semble en plein d\u00e9clin. Comme en t\u00e9moignent ces h\u00f4tels abandonn\u00e9s et ces b\u00e2timents d\u00e9cr\u00e9pis, franchement sinistres :<\/p>\n<p style=\"TEXT-ALIGN: center\"><img decoding=\"async\" loading=\"lazy\" src=\"https:\/\/www.fdelaitre.org\/wp2\/wp-content\/uploads\/2011\/08\/Scuol_4.jpg\" alt=\"Scuol-4.jpg\" height=\"341\" width=\"512\"\/><\/p>\n<p style=\"TEXT-ALIGN: center\"><img decoding=\"async\" loading=\"lazy\" src=\"https:\/\/www.fdelaitre.org\/wp2\/wp-content\/uploads\/2011\/08\/Scuol_3.jpg\" alt=\"Scuol-3.jpg\" height=\"512\" width=\"341\"\/><\/p>\n<p style=\"TEXT-ALIGN: center\"><img decoding=\"async\" loading=\"lazy\" src=\"https:\/\/www.fdelaitre.org\/wp2\/wp-content\/uploads\/2011\/08\/Scuol_2.jpg\" alt=\"Scuol-2.jpg\" height=\"512\" width=\"341\"\/><\/p>\n<p style=\"TEXT-ALIGN: center\"><img decoding=\"async\" loading=\"lazy\" src=\"https:\/\/www.fdelaitre.org\/wp2\/wp-content\/uploads\/2011\/08\/Scuol_1.jpg\" alt=\"Scuol-1.jpg\" height=\"512\" width=\"341\"\/><\/p>\n<p>Seule l&rsquo;imposante gare RhB a encore fi\u00e8re allure, t\u00e9moin d&rsquo;un pass\u00e9 plus glorieux :<\/p>\n<p style=\"TEXT-ALIGN: center\"><img decoding=\"async\" loading=\"lazy\" src=\"https:\/\/www.fdelaitre.org\/wp2\/wp-content\/uploads\/2011\/08\/Scuol_5.jpg\" alt=\"Scuol-5.jpg\" height=\"341\" width=\"512\"\/><\/p>\n<p style=\"TEXT-ALIGN: left\">La gare est desservie chaque heure par une rame-navette en direction de Pontresina et un train en direction de Klosters\/Landquart\/Chur (via le tunnel de la Vereina \u00e0 Sagliains)<\/p>\n<p style=\"TEXT-ALIGN: center\"><img decoding=\"async\" loading=\"lazy\" src=\"https:\/\/www.fdelaitre.org\/wp2\/wp-content\/uploads\/2011\/08\/Scuol_8.jpg\" alt=\"Scuol-8.jpg\" height=\"341\" width=\"512\"\/><\/p>\n<p>A noter que le heurtoir dans l&rsquo;arri\u00e8re-gare, au niveau du t\u00e9l\u00e9ph\u00e9rique, constitue la partie la plus orientale de tout le r\u00e9seau des RhB. D&rsquo;ici, la fronti\u00e8re italo-autrichienne n&rsquo;est qu&rsquo;\u00e0 une vingtaine de kilom\u00e8tres.<\/p>\n<p style=\"TEXT-ALIGN: center\"><img decoding=\"async\" loading=\"lazy\" src=\"https:\/\/www.fdelaitre.org\/wp2\/wp-content\/uploads\/2011\/08\/Scuol_6.jpg\" alt=\"Scuol-6.jpg\" height=\"512\" width=\"341\"\/><\/p>\n<p><strong>Pr\u00e9cision importante :<\/strong> la mention \u00ab\u00a0Scuol-Tarasp\u00a0\u00bb sur le fronton de la gare pourrait faire croire que le ch\u00e2teau de Tarasp est \u00e0 proximit\u00e9 de la station.<\/p>\n<p style=\"TEXT-ALIGN: center\"><img decoding=\"async\" loading=\"lazy\" src=\"https:\/\/www.fdelaitre.org\/wp2\/wp-content\/uploads\/2011\/08\/Scuol_7.jpg\" alt=\"Scuol-7.jpg\" height=\"333\" width=\"512\"\/><\/p>\n<p>Que nenni ! A pied, il vous faudra descendre et remonter sur l&rsquo;autre rive de l&rsquo;Inn pour l&rsquo;atteindre (environ 5km). Depuis St-Moritz, mieux vaut y aller en voiture &#8211; d&rsquo;autant que la Engadin Pass, s\u00e9same du touriste en Haute-Engadine, n&rsquo;est pas valable jusqu&rsquo;\u00e0 Scuol-Tarasp avec les RhB. Il vous faudra vous acquitter d&rsquo;un suppl\u00e9ment de 50CHF Aller-Retour par personne.<\/p>\n<p>Vous voil\u00e0 pr\u00e9venus, visiteurs de la Basse-Engadine.<\/p>\n<\/div><\/div>","protected":false},"excerpt":{"rendered":"<p>Je ne vais pas me faire des copains du c\u00f4t\u00e9 de l&rsquo;Office de tourisme local, mais le monde doit savoir ;-). Scuol est la plus d\u00e9primante cit\u00e9 de l&rsquo;Engadine (voire m\u00eame de Suisse, quoique, \u00e0 mon avis, le titre appartient toujours \u00e0 Glattpark pr\u00e8s de Glattbrugg dans la banlieue de Z\u00fcrich, surtout le dimanche apr\u00e8s-midi). [&hellip;]<\/p>\n","protected":false},"author":2,"featured_media":0,"comment_status":"open","ping_status":"open","sticky":false,"template":"","format":"standard","meta":{"footnotes":""},"categories":[4,7,3],"tags":[150,68,179],"_links":{"self":[{"href":"https:\/\/www.fdelaitre.org\/wp2\/wp-json\/wp\/v2\/posts\/1902"}],"collection":[{"href":"https:\/\/www.fdelaitre.org\/wp2\/wp-json\/wp\/v2\/posts"}],"about":[{"href":"https:\/\/www.fdelaitre.org\/wp2\/wp-json\/wp\/v2\/types\/post"}],"author":[{"embeddable":true,"href":"https:\/\/www.fdelaitre.org\/wp2\/wp-json\/wp\/v2\/users\/2"}],"replies":[{"embeddable":true,"href":"https:\/\/www.fdelaitre.org\/wp2\/wp-json\/wp\/v2\/comments?post=1902"}],"version-history":[{"count":5,"href":"https:\/\/www.fdelaitre.org\/wp2\/wp-json\/wp\/v2\/posts\/1902\/revisions"}],"predecessor-version":[{"id":1963,"href":"https:\/\/www.fdelaitre.org\/wp2\/wp-json\/wp\/v2\/posts\/1902\/revisions\/1963"}],"wp:attachment":[{"href":"https:\/\/www.fdelaitre.org\/wp2\/wp-json\/wp\/v2\/media?parent=1902"}],"wp:term":[{"taxonomy":"category","embeddable":true,"href":"https:\/\/www.fdelaitre.org\/wp2\/wp-json\/wp\/v2\/categories?post=1902"},{"taxonomy":"post_tag","embeddable":true,"href":"https:\/\/www.fdelaitre.org\/wp2\/wp-json\/wp\/v2\/tags?post=1902"}],"curies":[{"name":"wp","href":"https:\/\/api.w.org\/{rel}","templated":true}]}}