{"id":1865,"date":"2011-07-11T23:40:29","date_gmt":"2011-07-11T22:40:29","guid":{"rendered":"http:\/\/www.fdelaitre.org\/wp2\/?p=1865"},"modified":"2011-07-16T22:10:11","modified_gmt":"2011-07-16T21:10:11","slug":"dernieres-nouvelles-de-zurich","status":"publish","type":"post","link":"https:\/\/www.fdelaitre.org\/wp2\/2011\/07\/dernieres-nouvelles-de-zurich\/","title":{"rendered":"Derni\u00e8res nouvelles de Z\u00fcrich"},"content":{"rendered":"<div id=\"dslc-theme-content\"><div id=\"dslc-theme-content-inner\"><p>Quoi de neuf dans la cit\u00e9 de Zwingli ? On f\u00eate cette ann\u00e9e les 175 ans de Spr\u00fcngli, le c\u00e9l\u00e8bre chocolatier de la Paradeplatz, qui a essaim\u00e9 depuis un peu partout, de la Bahnhofstrasse au Flughafen de Kl\u00f6ten en passant par la gare centrale. Pour l&rsquo;occasion, l&rsquo;automotrice du c\u00e9l\u00e8bre Fonduetram des VBZ (Verkehrsbetriebe Z\u00fcrich) a \u00e9t\u00e9 convertie en Chocolat-tram (10 CHF le voyage quand m\u00eame&#8230; avec d\u00e9gustation) :<br \/>\n<a href=\"https:\/\/www.fdelaitre.org\/wp2\/wp-content\/uploads\/2011\/07\/Choco_Tram_Blog.jpg\"><img decoding=\"async\" loading=\"lazy\" class=\"size-full wp-image-1868 aligncenter\" title=\"Choco_Tram_Blog\" src=\"https:\/\/www.fdelaitre.org\/wp2\/wp-content\/uploads\/2011\/07\/Choco_Tram_Blog.jpg\" alt=\"\" width=\"512\" height=\"159\" srcset=\"https:\/\/www.fdelaitre.org\/wp2\/wp-content\/uploads\/2011\/07\/Choco_Tram_Blog.jpg 512w, https:\/\/www.fdelaitre.org\/wp2\/wp-content\/uploads\/2011\/07\/Choco_Tram_Blog-300x93.jpg 300w\" sizes=\"(max-width: 512px) 100vw, 512px\" \/><\/a><br \/>\n<em>(Source: 20 Minuten \/ \u00e9dition Z\u00fcrich)<\/em><\/p>\n<p>A la station de tramway Glattbrugg-B\u00e4uler sur la ligne 10 (tron\u00e7on Glattalbahn) il devient urgent de r\u00e9colter le ma\u00efs&#8230;<\/p>\n<p><a href=\"https:\/\/www.fdelaitre.org\/wp2\/wp-content\/uploads\/2011\/07\/Blauler.jpg\"><img decoding=\"async\" loading=\"lazy\" class=\"aligncenter size-full wp-image-1869\" title=\"Blauler\" src=\"https:\/\/www.fdelaitre.org\/wp2\/wp-content\/uploads\/2011\/07\/Blauler.jpg\" alt=\"\" width=\"512\" height=\"384\" srcset=\"https:\/\/www.fdelaitre.org\/wp2\/wp-content\/uploads\/2011\/07\/Blauler.jpg 512w, https:\/\/www.fdelaitre.org\/wp2\/wp-content\/uploads\/2011\/07\/Blauler-300x225.jpg 300w\" sizes=\"(max-width: 512px) 100vw, 512px\" \/><\/a><\/p>\n<p>Le <a href=\"https:\/\/www.fdelaitre.org\/wp2\/2009\/06\/polybahn\/\" target=\"_blank\">Polybahn<\/a> f\u00eate ses 125 ans (de l&rsquo;obtention de la concession&#8230; pour l&rsquo;inauguration, il faudra attendre encore 3 ans) :<\/p>\n<p><a href=\"https:\/\/www.fdelaitre.org\/wp2\/wp-content\/uploads\/2011\/07\/Polybahn_125.jpg\"><img decoding=\"async\" loading=\"lazy\" class=\"aligncenter size-full wp-image-1870\" title=\"Polybahn_125\" src=\"https:\/\/www.fdelaitre.org\/wp2\/wp-content\/uploads\/2011\/07\/Polybahn_125.jpg\" alt=\"\" width=\"384\" height=\"512\" srcset=\"https:\/\/www.fdelaitre.org\/wp2\/wp-content\/uploads\/2011\/07\/Polybahn_125.jpg 384w, https:\/\/www.fdelaitre.org\/wp2\/wp-content\/uploads\/2011\/07\/Polybahn_125-225x300.jpg 225w\" sizes=\"(max-width: 384px) 100vw, 384px\" \/><\/a><\/p>\n<p><a href=\"https:\/\/www.fdelaitre.org\/wp2\/wp-content\/uploads\/2011\/07\/Polybahn1.jpg\"><img decoding=\"async\" loading=\"lazy\" class=\"aligncenter size-full wp-image-1888\" title=\"Polybahn\" src=\"https:\/\/www.fdelaitre.org\/wp2\/wp-content\/uploads\/2011\/07\/Polybahn1.jpg\" alt=\"\" width=\"512\" height=\"315\" srcset=\"https:\/\/www.fdelaitre.org\/wp2\/wp-content\/uploads\/2011\/07\/Polybahn1.jpg 512w, https:\/\/www.fdelaitre.org\/wp2\/wp-content\/uploads\/2011\/07\/Polybahn1-300x184.jpg 300w\" sizes=\"(max-width: 512px) 100vw, 512px\" \/><\/a><\/p>\n<p>Devant le Grossm\u00fcnster, les rameurs des bateaux du Limmat-Club Z\u00fcrich s&rsquo;entra\u00eenent pour les prochaines joutes sur l&rsquo;eau, \u00e0 la mani\u00e8re des joutes Clamecycoises (sans bouclier). On r\u00eave d&rsquo;une rencontre entre Z\u00fcrich et Clamecy devant le pont de Bethl\u00e9em !<\/p>\n<p><a href=\"https:\/\/www.fdelaitre.org\/wp2\/wp-content\/uploads\/2011\/07\/Joutes_Zurichoises.jpg\"><img decoding=\"async\" loading=\"lazy\" class=\"aligncenter size-full wp-image-1871\" title=\"Joutes_Zurichoises\" src=\"https:\/\/www.fdelaitre.org\/wp2\/wp-content\/uploads\/2011\/07\/Joutes_Zurichoises.jpg\" alt=\"\" width=\"512\" height=\"683\" srcset=\"https:\/\/www.fdelaitre.org\/wp2\/wp-content\/uploads\/2011\/07\/Joutes_Zurichoises.jpg 512w, https:\/\/www.fdelaitre.org\/wp2\/wp-content\/uploads\/2011\/07\/Joutes_Zurichoises-224x300.jpg 224w\" sizes=\"(max-width: 512px) 100vw, 512px\" \/><\/a><\/p>\n<\/div><\/div>","protected":false},"excerpt":{"rendered":"<p>Quoi de neuf dans la cit\u00e9 de Zwingli ? On f\u00eate cette ann\u00e9e les 175 ans de Spr\u00fcngli, le c\u00e9l\u00e8bre chocolatier de la Paradeplatz, qui a essaim\u00e9 depuis un peu partout, de la Bahnhofstrasse au Flughafen de Kl\u00f6ten en passant par la gare centrale. Pour l&rsquo;occasion, l&rsquo;automotrice du c\u00e9l\u00e8bre Fonduetram des VBZ (Verkehrsbetriebe Z\u00fcrich) a [&hellip;]<\/p>\n","protected":false},"author":2,"featured_media":0,"comment_status":"open","ping_status":"open","sticky":false,"template":"","format":"standard","meta":{"footnotes":""},"categories":[7,3],"tags":[],"_links":{"self":[{"href":"https:\/\/www.fdelaitre.org\/wp2\/wp-json\/wp\/v2\/posts\/1865"}],"collection":[{"href":"https:\/\/www.fdelaitre.org\/wp2\/wp-json\/wp\/v2\/posts"}],"about":[{"href":"https:\/\/www.fdelaitre.org\/wp2\/wp-json\/wp\/v2\/types\/post"}],"author":[{"embeddable":true,"href":"https:\/\/www.fdelaitre.org\/wp2\/wp-json\/wp\/v2\/users\/2"}],"replies":[{"embeddable":true,"href":"https:\/\/www.fdelaitre.org\/wp2\/wp-json\/wp\/v2\/comments?post=1865"}],"version-history":[{"count":7,"href":"https:\/\/www.fdelaitre.org\/wp2\/wp-json\/wp\/v2\/posts\/1865\/revisions"}],"predecessor-version":[{"id":1874,"href":"https:\/\/www.fdelaitre.org\/wp2\/wp-json\/wp\/v2\/posts\/1865\/revisions\/1874"}],"wp:attachment":[{"href":"https:\/\/www.fdelaitre.org\/wp2\/wp-json\/wp\/v2\/media?parent=1865"}],"wp:term":[{"taxonomy":"category","embeddable":true,"href":"https:\/\/www.fdelaitre.org\/wp2\/wp-json\/wp\/v2\/categories?post=1865"},{"taxonomy":"post_tag","embeddable":true,"href":"https:\/\/www.fdelaitre.org\/wp2\/wp-json\/wp\/v2\/tags?post=1865"}],"curies":[{"name":"wp","href":"https:\/\/api.w.org\/{rel}","templated":true}]}}