{"id":141,"date":"2008-11-13T13:56:02","date_gmt":"2008-11-13T12:56:02","guid":{"rendered":"http:\/\/fdelaitre.club.fr\/?p=141"},"modified":"2009-10-07T21:06:49","modified_gmt":"2009-10-07T20:06:49","slug":"trois-epis-68-qui-se-souvient","status":"publish","type":"post","link":"https:\/\/www.fdelaitre.org\/wp2\/2008\/11\/trois-epis-68-qui-se-souvient\/","title":{"rendered":"Trois-Epis (68) &#8211; Qui se souvient ?"},"content":{"rendered":"<div id=\"dslc-theme-content\"><div id=\"dslc-theme-content-inner\"><p>&#8230;que l&rsquo;on pouvait monter aux Trois-Epis (Drei Aehren) en tramway \u00e9lectrique ?<\/p>\n<p style=\"text-align: center;\"><img decoding=\"async\" loading=\"lazy\" class=\"aligncenter size-full wp-image-875\" title=\"QSS-TE_0\" src=\"https:\/\/www.fdelaitre.org\/wp2\/wp-content\/uploads\/2008\/11\/QSS-TE_0.jpg\" alt=\"QSS-TE_0\" width=\"520\" height=\"326\" srcset=\"https:\/\/www.fdelaitre.org\/wp2\/wp-content\/uploads\/2008\/11\/QSS-TE_0.jpg 804w, https:\/\/www.fdelaitre.org\/wp2\/wp-content\/uploads\/2008\/11\/QSS-TE_0-300x188.jpg 300w\" sizes=\"(max-width: 520px) 100vw, 520px\" \/><\/p>\n<p style=\"text-align: center;\"><img decoding=\"async\" loading=\"lazy\" class=\"aligncenter size-full wp-image-876\" title=\"QSS-TE_1\" src=\"https:\/\/www.fdelaitre.org\/wp2\/wp-content\/uploads\/2008\/11\/QSS-TE_1.jpg\" alt=\"QSS-TE_1\" width=\"520\" height=\"337\" srcset=\"https:\/\/www.fdelaitre.org\/wp2\/wp-content\/uploads\/2008\/11\/QSS-TE_1.jpg 817w, https:\/\/www.fdelaitre.org\/wp2\/wp-content\/uploads\/2008\/11\/QSS-TE_1-300x194.jpg 300w\" sizes=\"(max-width: 520px) 100vw, 520px\" \/><\/p>\n<p style=\"text-align: center;\"><img decoding=\"async\" loading=\"lazy\" class=\"aligncenter size-full wp-image-877\" title=\"QSS-TE_3\" src=\"https:\/\/www.fdelaitre.org\/wp2\/wp-content\/uploads\/2008\/11\/QSS-TE_3.jpg\" alt=\"QSS-TE_3\" width=\"521\" height=\"329\" \/><\/p>\n<p>Ce tramway \u00e9lectrique a voie m\u00e9trique a reli\u00e9 de 1899 \u00e0 1932 Ammerschwihr aux Trois Epis. Plus chanceuse\u00a0 que la cr\u00e9maill\u00e8re de la Schlucht voisine, la ligne a surv\u00e9cu aux destructions de la Premi\u00e8re Guerre Mondiale, mais a succomb\u00e9 devant la concurrence automobile des ann\u00e9es 1930.<\/p>\n<\/div><\/div>","protected":false},"excerpt":{"rendered":"<p>&#8230;que l&rsquo;on pouvait monter aux Trois-Epis (Drei Aehren) en tramway \u00e9lectrique ? Ce tramway \u00e9lectrique a voie m\u00e9trique a reli\u00e9 de 1899 \u00e0 1932 Ammerschwihr aux Trois Epis. Plus chanceuse\u00a0 que la cr\u00e9maill\u00e8re de la Schlucht voisine, la ligne a surv\u00e9cu aux destructions de la Premi\u00e8re Guerre Mondiale, mais a succomb\u00e9 devant la concurrence automobile [&hellip;]<\/p>\n","protected":false},"author":2,"featured_media":0,"comment_status":"open","ping_status":"open","sticky":false,"template":"","format":"standard","meta":{"footnotes":""},"categories":[3],"tags":[],"_links":{"self":[{"href":"https:\/\/www.fdelaitre.org\/wp2\/wp-json\/wp\/v2\/posts\/141"}],"collection":[{"href":"https:\/\/www.fdelaitre.org\/wp2\/wp-json\/wp\/v2\/posts"}],"about":[{"href":"https:\/\/www.fdelaitre.org\/wp2\/wp-json\/wp\/v2\/types\/post"}],"author":[{"embeddable":true,"href":"https:\/\/www.fdelaitre.org\/wp2\/wp-json\/wp\/v2\/users\/2"}],"replies":[{"embeddable":true,"href":"https:\/\/www.fdelaitre.org\/wp2\/wp-json\/wp\/v2\/comments?post=141"}],"version-history":[{"count":8,"href":"https:\/\/www.fdelaitre.org\/wp2\/wp-json\/wp\/v2\/posts\/141\/revisions"}],"predecessor-version":[{"id":146,"href":"https:\/\/www.fdelaitre.org\/wp2\/wp-json\/wp\/v2\/posts\/141\/revisions\/146"}],"wp:attachment":[{"href":"https:\/\/www.fdelaitre.org\/wp2\/wp-json\/wp\/v2\/media?parent=141"}],"wp:term":[{"taxonomy":"category","embeddable":true,"href":"https:\/\/www.fdelaitre.org\/wp2\/wp-json\/wp\/v2\/categories?post=141"},{"taxonomy":"post_tag","embeddable":true,"href":"https:\/\/www.fdelaitre.org\/wp2\/wp-json\/wp\/v2\/tags?post=141"}],"curies":[{"name":"wp","href":"https:\/\/api.w.org\/{rel}","templated":true}]}}