{"id":1409,"date":"2010-07-14T16:12:27","date_gmt":"2010-07-14T15:12:27","guid":{"rendered":"http:\/\/www.fdelaitre.org\/wp2\/2010\/07\/defile-aerien-du-14-juillet-2010\/"},"modified":"2010-07-14T16:18:08","modified_gmt":"2010-07-14T15:18:08","slug":"defile-aerien-du-14-juillet-2010","status":"publish","type":"post","link":"https:\/\/www.fdelaitre.org\/wp2\/2010\/07\/defile-aerien-du-14-juillet-2010\/","title":{"rendered":"D\u00e9fil\u00e9 a\u00e9rien du 14 juillet 2010"},"content":{"rendered":"<div id=\"dslc-theme-content\"><div id=\"dslc-theme-content-inner\"><p>Les 14 juillet se suivent et ne se ressemblent pas. Cette ann\u00e9e, il fut particuli\u00e8rement arros\u00e9, rendant la prise de vue particuli\u00e8rement&#8230; humide :<\/p>\n<p>[youtube]http:\/\/www.youtube.com\/watch?v=TEb0LAaM028[\/youtube]<\/p>\n<p>(Visible en <strong>HD<\/strong> sur Youtube)<\/p>\n<p>La pluie s&rsquo;intensifiant, nous avons battu en retraite aux <em>Galeries Gourmandes<\/em> du Palais des Congr\u00e8s voisin, pas pu voir les Br\u00e9guet Atlantique, Falcon, Xingu de l&rsquo;A\u00e9ronavale.<\/p>\n<\/div><\/div>","protected":false},"excerpt":{"rendered":"<p>Les 14 juillet se suivent et ne se ressemblent pas. Cette ann\u00e9e, il fut particuli\u00e8rement arros\u00e9, rendant la prise de vue particuli\u00e8rement&#8230; humide : [youtube]http:\/\/www.youtube.com\/watch?v=TEb0LAaM028[\/youtube] (Visible en HD sur Youtube) La pluie s&rsquo;intensifiant, nous avons battu en retraite aux Galeries Gourmandes du Palais des Congr\u00e8s voisin, pas pu voir les Br\u00e9guet Atlantique, Falcon, Xingu de [&hellip;]<\/p>\n","protected":false},"author":2,"featured_media":0,"comment_status":"open","ping_status":"open","sticky":false,"template":"","format":"standard","meta":{"footnotes":""},"categories":[4,6],"tags":[56,57,58,59,178,60,61],"_links":{"self":[{"href":"https:\/\/www.fdelaitre.org\/wp2\/wp-json\/wp\/v2\/posts\/1409"}],"collection":[{"href":"https:\/\/www.fdelaitre.org\/wp2\/wp-json\/wp\/v2\/posts"}],"about":[{"href":"https:\/\/www.fdelaitre.org\/wp2\/wp-json\/wp\/v2\/types\/post"}],"author":[{"embeddable":true,"href":"https:\/\/www.fdelaitre.org\/wp2\/wp-json\/wp\/v2\/users\/2"}],"replies":[{"embeddable":true,"href":"https:\/\/www.fdelaitre.org\/wp2\/wp-json\/wp\/v2\/comments?post=1409"}],"version-history":[{"count":3,"href":"https:\/\/www.fdelaitre.org\/wp2\/wp-json\/wp\/v2\/posts\/1409\/revisions"}],"predecessor-version":[{"id":1412,"href":"https:\/\/www.fdelaitre.org\/wp2\/wp-json\/wp\/v2\/posts\/1409\/revisions\/1412"}],"wp:attachment":[{"href":"https:\/\/www.fdelaitre.org\/wp2\/wp-json\/wp\/v2\/media?parent=1409"}],"wp:term":[{"taxonomy":"category","embeddable":true,"href":"https:\/\/www.fdelaitre.org\/wp2\/wp-json\/wp\/v2\/categories?post=1409"},{"taxonomy":"post_tag","embeddable":true,"href":"https:\/\/www.fdelaitre.org\/wp2\/wp-json\/wp\/v2\/tags?post=1409"}],"curies":[{"name":"wp","href":"https:\/\/api.w.org\/{rel}","templated":true}]}}