{"id":1405,"date":"2010-07-12T22:50:57","date_gmt":"2010-07-12T21:50:57","guid":{"rendered":"http:\/\/www.fdelaitre.org\/wp2\/2010\/07\/coupe-du-monde-2010\/"},"modified":"2010-07-13T06:58:53","modified_gmt":"2010-07-13T05:58:53","slug":"coupe-du-monde-2010","status":"publish","type":"post","link":"https:\/\/www.fdelaitre.org\/wp2\/2010\/07\/coupe-du-monde-2010\/","title":{"rendered":"Coupe du Monde 2010"},"content":{"rendered":"<div id=\"dslc-theme-content\"><div id=\"dslc-theme-content-inner\">\n<p>M\u00eame si l&rsquo;on n&rsquo;est pas fou de foot dans la famille, nous suivons tous les quatre ans la Coupe du Monde de la FIFA &#8211; et collectionnons les mascottes. Tradition \u00e9tablie par mon fils : nous r\u00e9unissons toutes les peluches devant la t\u00e9l\u00e9vision lors de la finale. Pour le 11 juillet 2010, nous avions donc : \u00e0 gauche Footix (Coupe du Monde 1998, sans ses piles car le zoziau r\u00e9agit \u00e0 la moindre vibration et se met \u00e0 chanter \u00e0 tue-t\u00eate \u00ab\u00a0oh\u00e9 oh\u00e9 we are the champions\u00a0\u00bb, ce qui en 2010 est un peu d\u00e9plac\u00e9&#8230;), \u00e0 droite le lion Goleo VI et son ballon Pille, souvenir de la Coupe du Monde 2006 (en deux versions : \u00e9quipe de France et Mannschaft &#8211; un \u00e9norme bide commercial qui entraina le d\u00e9p\u00f4t de bilan de la soci\u00e9t\u00e9 NICI qui en avait acquis les droits) et au milieu le petit dernier : Zakumi, le l\u00e9opard d&rsquo;Afrique du Sud 2010.<\/p>\n<p style=\"TEXT-ALIGN: center\"><img decoding=\"async\" loading=\"lazy\" src=\"https:\/\/www.fdelaitre.org\/wp2\/wp-content\/uploads\/2010\/07\/Mascottes_Coupe_du_Monde_TH.jpg\" alt=\"Mascottes_Coupe_du_Monde_TH.jpg\" height=\"381\" width=\"520\"\/><\/p>\n<p>Absents : Kaz, Nik et Ato, les \u00ab\u00a0Sph\u00e9riks\u00a0\u00bb de la Coupe du Monde 2002 Cor\u00e9e-du-Sud\/Japon, introuvables en France \u00e0 l&rsquo;\u00e9poque. Qualifi\u00e9s de \u00ab\u00a0monstres protoplasmiques\u00a0\u00bb par Agoravox, ils ne manquent d\u00e9cid\u00e9ment pas \u00e0 notre collection.<\/p>\n<\/div><\/div>","protected":false},"excerpt":{"rendered":"<p>M\u00eame si l&rsquo;on n&rsquo;est pas fou de foot dans la famille, nous suivons tous les quatre ans la Coupe du Monde de la FIFA &#8211; et collectionnons les mascottes. Tradition \u00e9tablie par mon fils : nous r\u00e9unissons toutes les peluches devant la t\u00e9l\u00e9vision lors de la finale. Pour le 11 juillet 2010, nous avions donc [&hellip;]<\/p>\n","protected":false},"author":2,"featured_media":0,"comment_status":"open","ping_status":"open","sticky":false,"template":"","format":"standard","meta":{"footnotes":""},"categories":[4],"tags":[55,177],"_links":{"self":[{"href":"https:\/\/www.fdelaitre.org\/wp2\/wp-json\/wp\/v2\/posts\/1405"}],"collection":[{"href":"https:\/\/www.fdelaitre.org\/wp2\/wp-json\/wp\/v2\/posts"}],"about":[{"href":"https:\/\/www.fdelaitre.org\/wp2\/wp-json\/wp\/v2\/types\/post"}],"author":[{"embeddable":true,"href":"https:\/\/www.fdelaitre.org\/wp2\/wp-json\/wp\/v2\/users\/2"}],"replies":[{"embeddable":true,"href":"https:\/\/www.fdelaitre.org\/wp2\/wp-json\/wp\/v2\/comments?post=1405"}],"version-history":[{"count":3,"href":"https:\/\/www.fdelaitre.org\/wp2\/wp-json\/wp\/v2\/posts\/1405\/revisions"}],"predecessor-version":[{"id":1408,"href":"https:\/\/www.fdelaitre.org\/wp2\/wp-json\/wp\/v2\/posts\/1405\/revisions\/1408"}],"wp:attachment":[{"href":"https:\/\/www.fdelaitre.org\/wp2\/wp-json\/wp\/v2\/media?parent=1405"}],"wp:term":[{"taxonomy":"category","embeddable":true,"href":"https:\/\/www.fdelaitre.org\/wp2\/wp-json\/wp\/v2\/categories?post=1405"},{"taxonomy":"post_tag","embeddable":true,"href":"https:\/\/www.fdelaitre.org\/wp2\/wp-json\/wp\/v2\/tags?post=1405"}],"curies":[{"name":"wp","href":"https:\/\/api.w.org\/{rel}","templated":true}]}}