{"id":1311,"date":"2010-05-23T15:41:32","date_gmt":"2010-05-23T14:41:32","guid":{"rendered":"http:\/\/www.fdelaitre.org\/wp2\/2010\/05\/nature-capitale\/"},"modified":"2010-05-24T16:28:34","modified_gmt":"2010-05-24T15:28:34","slug":"nature-capitale","status":"publish","type":"post","link":"https:\/\/www.fdelaitre.org\/wp2\/2010\/05\/nature-capitale\/","title":{"rendered":"Nature Capitale"},"content":{"rendered":"<div id=\"dslc-theme-content\"><div id=\"dslc-theme-content-inner\"><p>Parisien de naissance, donc g\u00e9n\u00e9tiquement programm\u00e9 au niveau de mon ADN pour faire le badaud :-), je ne pouvais pas manquer d&rsquo;aller faire un tour sur les Champs-Elys\u00e9es voir cette fameuse exposition \u00ab\u00a0Nature Capitale\u00a0\u00bb qui allait nous d\u00e9barrasser au moins pour 48 heures de la circulation automobile dans ce coin de 8e arrondissement.<\/p>\n<p style=\"text-align: center;\"><img decoding=\"async\" loading=\"lazy\" src=\"https:\/\/www.fdelaitre.org\/wp2\/wp-content\/uploads\/2010\/05\/NC_Titre.jpg\" alt=\"NC_Titre.jpg\" width=\"512\" height=\"341\" \/><\/p>\n<p>Il y avait d\u00e9j\u00e0 eu de l&rsquo;animation avenue Foch toute la semaine pass\u00e9e avec le stockage d&rsquo;arbres en tous genres entre l&rsquo;Etoile et l&rsquo;avenue Raymond Poincar\u00e9 :<\/p>\n<p style=\"text-align: center;\"><img decoding=\"async\" loading=\"lazy\" style=\"width: 512px; display: inline; height: 384px;\" src=\"https:\/\/www.fdelaitre.org\/wp2\/wp-content\/uploads\/2010\/05\/IMG_2797.jpg\" alt=\"IMG_2797.JPG\" width=\"512\" height=\"384\" \/><\/p>\n<p style=\"text-align: center;\"><img decoding=\"async\" loading=\"lazy\" style=\"width: 512px; display: inline; height: 384px;\" src=\"https:\/\/www.fdelaitre.org\/wp2\/wp-content\/uploads\/2010\/05\/IMG_2800.jpg\" alt=\"IMG_2800.JPG\" width=\"512\" height=\"384\" \/><\/p>\n<p style=\"text-align: center;\"><img decoding=\"async\" loading=\"lazy\" style=\"width: 512px; display: inline; height: 384px;\" src=\"https:\/\/www.fdelaitre.org\/wp2\/wp-content\/uploads\/2010\/05\/IMG_2798.jpg\" alt=\"IMG_2798.JPG\" width=\"512\" height=\"384\" \/><\/p>\n<p>Dans le nuit pr\u00e9c\u00e9dant le jour J, tout avait miraculeusement disparu en direction des Champs. Seuls subsistaient les engins de nettoyage de la Mairie de Paris, soulevant la l\u00e9gendaire poussi\u00e8re des \u00ab\u00a0trottoirs\u00a0\u00bb de l&rsquo;avenue Foch comme sur une piste de la brousse africaine :<\/p>\n<p><a href=\"https:\/\/www.fdelaitre.org\/wp2\/wp-content\/uploads\/2010\/05\/NC_23.05.2010-26.jpg\"><img decoding=\"async\" loading=\"lazy\" class=\"aligncenter size-full wp-image-1318\" title=\"NC_23.05.2010-26\" src=\"https:\/\/www.fdelaitre.org\/wp2\/wp-content\/uploads\/2010\/05\/NC_23.05.2010-26.jpg\" alt=\"\" width=\"512\" height=\"341\" srcset=\"https:\/\/www.fdelaitre.org\/wp2\/wp-content\/uploads\/2010\/05\/NC_23.05.2010-26.jpg 512w, https:\/\/www.fdelaitre.org\/wp2\/wp-content\/uploads\/2010\/05\/NC_23.05.2010-26-300x199.jpg 300w\" sizes=\"(max-width: 512px) 100vw, 512px\" \/><\/a><\/p>\n<p style=\"text-align: left;\">Quelques v\u00e9g\u00e9taux avaient \u00e9t\u00e9 recal\u00e9s au dernier moment, comme de simples footballeurs de l&rsquo;\u00e9quipe de France. Pas de \u00ab\u00a0Nature Capitale\u00a0\u00bb pour eux ! Il est vrai qu&rsquo;ils \u00e9taient plut\u00f4t maigrichons et d\u00e9catis \ud83d\ude41 :<\/p>\n<p style=\"text-align: center;\"><a href=\"https:\/\/www.fdelaitre.org\/wp2\/wp-content\/uploads\/2010\/05\/NC_23.05.2010-4.jpg\"><img decoding=\"async\" loading=\"lazy\" class=\"aligncenter size-full wp-image-1319\" title=\"NC_23.05.2010-4\" src=\"https:\/\/www.fdelaitre.org\/wp2\/wp-content\/uploads\/2010\/05\/NC_23.05.2010-4.jpg\" alt=\"\" width=\"341\" height=\"512\" srcset=\"https:\/\/www.fdelaitre.org\/wp2\/wp-content\/uploads\/2010\/05\/NC_23.05.2010-4.jpg 341w, https:\/\/www.fdelaitre.org\/wp2\/wp-content\/uploads\/2010\/05\/NC_23.05.2010-4-199x300.jpg 199w\" sizes=\"(max-width: 341px) 100vw, 341px\" \/><\/a><\/p>\n<p style=\"text-align: left;\">La statue d&rsquo;Alphand, grand ma\u00eetre des parcs et jardins de la ville de Paris sous Napol\u00e9on III, semblait contempler d&rsquo;un oeil bienveillant les palettes de v\u00e9g\u00e9taux entass\u00e9es \u00e0 ses pieds :<\/p>\n<p style=\"text-align: center;\"><a href=\"https:\/\/www.fdelaitre.org\/wp2\/wp-content\/uploads\/2010\/05\/NC_23.05.2010-2.jpg\"><img decoding=\"async\" loading=\"lazy\" class=\"aligncenter size-full wp-image-1320\" title=\"NC_23.05.2010-2\" src=\"https:\/\/www.fdelaitre.org\/wp2\/wp-content\/uploads\/2010\/05\/NC_23.05.2010-2.jpg\" alt=\"\" width=\"512\" height=\"341\" srcset=\"https:\/\/www.fdelaitre.org\/wp2\/wp-content\/uploads\/2010\/05\/NC_23.05.2010-2.jpg 512w, https:\/\/www.fdelaitre.org\/wp2\/wp-content\/uploads\/2010\/05\/NC_23.05.2010-2-300x199.jpg 300w\" sizes=\"(max-width: 512px) 100vw, 512px\" \/><\/a><\/p>\n<p style=\"text-align: center;\">Plus haut, vers l&rsquo;Etoile, c&rsquo;\u00e9tait une foire-expo d&rsquo;engins de levage et de manutention :<\/p>\n<p style=\"text-align: center;\"><a href=\"https:\/\/www.fdelaitre.org\/wp2\/wp-content\/uploads\/2010\/05\/NC_Levage.jpg\"><img decoding=\"async\" loading=\"lazy\" class=\"aligncenter size-full wp-image-1321\" title=\"NC_Levage\" src=\"https:\/\/www.fdelaitre.org\/wp2\/wp-content\/uploads\/2010\/05\/NC_Levage.jpg\" alt=\"\" width=\"512\" height=\"104\" srcset=\"https:\/\/www.fdelaitre.org\/wp2\/wp-content\/uploads\/2010\/05\/NC_Levage.jpg 512w, https:\/\/www.fdelaitre.org\/wp2\/wp-content\/uploads\/2010\/05\/NC_Levage-300x60.jpg 300w\" sizes=\"(max-width: 512px) 100vw, 512px\" \/><\/a><\/p>\n<p style=\"text-align: center;\">Arriv\u00e9e en haut des Champs-Elys\u00e9es, les choses s\u00e9rieuses commencent. Soleil radieux et foule des grands jours (avec pas mal de provinciaux aussi&#8230; \ud83d\ude42<\/p>\n<p style=\"text-align: center;\"><a href=\"https:\/\/www.fdelaitre.org\/wp2\/wp-content\/uploads\/2010\/05\/NC_23.05.2010-6.jpg\"><img decoding=\"async\" loading=\"lazy\" class=\"aligncenter size-full wp-image-1322\" title=\"NC_23.05.2010-6\" src=\"https:\/\/www.fdelaitre.org\/wp2\/wp-content\/uploads\/2010\/05\/NC_23.05.2010-6.jpg\" alt=\"\" width=\"341\" height=\"512\" srcset=\"https:\/\/www.fdelaitre.org\/wp2\/wp-content\/uploads\/2010\/05\/NC_23.05.2010-6.jpg 341w, https:\/\/www.fdelaitre.org\/wp2\/wp-content\/uploads\/2010\/05\/NC_23.05.2010-6-199x300.jpg 199w\" sizes=\"(max-width: 341px) 100vw, 341px\" \/><\/a><\/p>\n<p style=\"text-align: center;\"><a href=\"https:\/\/www.fdelaitre.org\/wp2\/wp-content\/uploads\/2010\/05\/NC_23.05.2010-7.jpg\"><img decoding=\"async\" loading=\"lazy\" class=\"aligncenter size-full wp-image-1324\" title=\"NC_23.05.2010-7\" src=\"https:\/\/www.fdelaitre.org\/wp2\/wp-content\/uploads\/2010\/05\/NC_23.05.2010-7.jpg\" alt=\"\" width=\"512\" height=\"341\" srcset=\"https:\/\/www.fdelaitre.org\/wp2\/wp-content\/uploads\/2010\/05\/NC_23.05.2010-7.jpg 512w, https:\/\/www.fdelaitre.org\/wp2\/wp-content\/uploads\/2010\/05\/NC_23.05.2010-7-300x199.jpg 300w\" sizes=\"(max-width: 512px) 100vw, 512px\" \/><\/a><\/p>\n<p style=\"text-align: center;\"><a href=\"https:\/\/www.fdelaitre.org\/wp2\/wp-content\/uploads\/2010\/05\/NC_23.05.2010-9.jpg\"><img decoding=\"async\" loading=\"lazy\" class=\"aligncenter size-full wp-image-1325\" title=\"NC_23.05.2010-9\" src=\"https:\/\/www.fdelaitre.org\/wp2\/wp-content\/uploads\/2010\/05\/NC_23.05.2010-9.jpg\" alt=\"\" width=\"512\" height=\"341\" srcset=\"https:\/\/www.fdelaitre.org\/wp2\/wp-content\/uploads\/2010\/05\/NC_23.05.2010-9.jpg 512w, https:\/\/www.fdelaitre.org\/wp2\/wp-content\/uploads\/2010\/05\/NC_23.05.2010-9-300x199.jpg 300w\" sizes=\"(max-width: 512px) 100vw, 512px\" \/><\/a><\/p>\n<p style=\"text-align: center;\">\n<p style=\"text-align: left;\">For\u00eat d&rsquo;arbres et de t\u00eates :<\/p>\n<p style=\"text-align: center;\"><a href=\"https:\/\/www.fdelaitre.org\/wp2\/wp-content\/uploads\/2010\/05\/NC_23.05.2010-11.jpg\"><img decoding=\"async\" loading=\"lazy\" class=\"aligncenter size-full wp-image-1326\" title=\"NC_23.05.2010-11\" src=\"https:\/\/www.fdelaitre.org\/wp2\/wp-content\/uploads\/2010\/05\/NC_23.05.2010-11.jpg\" alt=\"\" width=\"512\" height=\"341\" srcset=\"https:\/\/www.fdelaitre.org\/wp2\/wp-content\/uploads\/2010\/05\/NC_23.05.2010-11.jpg 512w, https:\/\/www.fdelaitre.org\/wp2\/wp-content\/uploads\/2010\/05\/NC_23.05.2010-11-300x199.jpg 300w\" sizes=\"(max-width: 512px) 100vw, 512px\" \/><\/a><\/p>\n<p style=\"text-align: center;\">\n<p style=\"text-align: left;\">Au milieu des champs de bl\u00e9 (tendre et dur) :<\/p>\n<p style=\"text-align: center;\"><a href=\"https:\/\/www.fdelaitre.org\/wp2\/wp-content\/uploads\/2010\/05\/NC_23.05.2010-17.jpg\"><img decoding=\"async\" loading=\"lazy\" class=\"aligncenter size-full wp-image-1328\" title=\"NC_23.05.2010-17\" src=\"https:\/\/www.fdelaitre.org\/wp2\/wp-content\/uploads\/2010\/05\/NC_23.05.2010-17.jpg\" alt=\"\" width=\"512\" height=\"341\" srcset=\"https:\/\/www.fdelaitre.org\/wp2\/wp-content\/uploads\/2010\/05\/NC_23.05.2010-17.jpg 512w, https:\/\/www.fdelaitre.org\/wp2\/wp-content\/uploads\/2010\/05\/NC_23.05.2010-17-300x199.jpg 300w\" sizes=\"(max-width: 512px) 100vw, 512px\" \/><\/a><\/p>\n<p style=\"text-align: center;\">\n<p style=\"text-align: left;\">Grand retour du m\u00e9tier d&rsquo;homme-sandwich :<\/p>\n<table style=\"height: 24px;\" width=\"350\" align=\"center\">\n<tbody>\n<tr>\n<td>\u00a0<\/td>\n<td>\u00a0<\/td>\n<\/tr>\n<\/tbody>\n<\/table>\n<p style=\"text-align: center;\">\n<p style=\"text-align: center;\">\n<p style=\"text-align: center;\"><a href=\"https:\/\/www.fdelaitre.org\/wp2\/wp-content\/uploads\/2010\/05\/NC_23.05.2010-131.jpg\"><img decoding=\"async\" loading=\"lazy\" class=\"aligncenter size-full wp-image-1330\" title=\"NC_23.05.2010-13\" src=\"https:\/\/www.fdelaitre.org\/wp2\/wp-content\/uploads\/2010\/05\/NC_23.05.2010-131.jpg\" alt=\"\" width=\"341\" height=\"512\" srcset=\"https:\/\/www.fdelaitre.org\/wp2\/wp-content\/uploads\/2010\/05\/NC_23.05.2010-131.jpg 341w, https:\/\/www.fdelaitre.org\/wp2\/wp-content\/uploads\/2010\/05\/NC_23.05.2010-131-199x300.jpg 199w\" sizes=\"(max-width: 341px) 100vw, 341px\" \/><\/a><\/p>\n<p style=\"text-align: center;\"><a href=\"https:\/\/www.fdelaitre.org\/wp2\/wp-content\/uploads\/2010\/05\/NC_23.05.2010-15.jpg\"><img decoding=\"async\" loading=\"lazy\" class=\"aligncenter size-full wp-image-1331\" title=\"NC_23.05.2010-15\" src=\"https:\/\/www.fdelaitre.org\/wp2\/wp-content\/uploads\/2010\/05\/NC_23.05.2010-15.jpg\" alt=\"\" width=\"341\" height=\"512\" srcset=\"https:\/\/www.fdelaitre.org\/wp2\/wp-content\/uploads\/2010\/05\/NC_23.05.2010-15.jpg 341w, https:\/\/www.fdelaitre.org\/wp2\/wp-content\/uploads\/2010\/05\/NC_23.05.2010-15-199x300.jpg 199w\" sizes=\"(max-width: 341px) 100vw, 341px\" \/><\/a><\/p>\n<p style=\"text-align: left;\">Champ de lin \u00e0 la hauteur de la Pizza Pino :<\/p>\n<p style=\"text-align: center;\"><a href=\"https:\/\/www.fdelaitre.org\/wp2\/wp-content\/uploads\/2010\/05\/NC_23.05.2010-19.jpg\"><img decoding=\"async\" loading=\"lazy\" class=\"aligncenter size-full wp-image-1332\" title=\"NC_23.05.2010-19\" src=\"https:\/\/www.fdelaitre.org\/wp2\/wp-content\/uploads\/2010\/05\/NC_23.05.2010-19.jpg\" alt=\"\" width=\"512\" height=\"341\" srcset=\"https:\/\/www.fdelaitre.org\/wp2\/wp-content\/uploads\/2010\/05\/NC_23.05.2010-19.jpg 512w, https:\/\/www.fdelaitre.org\/wp2\/wp-content\/uploads\/2010\/05\/NC_23.05.2010-19-300x199.jpg 300w\" sizes=\"(max-width: 512px) 100vw, 512px\" \/><\/a><\/p>\n<p style=\"text-align: center;\">\n<p style=\"text-align: left;\">D\u00e9coration v\u00e9g\u00e9tale de circonstance pour le Monoprix \u00e0 l&rsquo;angle de la rue la Bo\u00e9tie :<\/p>\n<p style=\"text-align: center;\"><a href=\"https:\/\/www.fdelaitre.org\/wp2\/wp-content\/uploads\/2010\/05\/NC_23.05.2010-21.jpg\"><img decoding=\"async\" loading=\"lazy\" class=\"aligncenter size-full wp-image-1333\" title=\"NC_23.05.2010-21\" src=\"https:\/\/www.fdelaitre.org\/wp2\/wp-content\/uploads\/2010\/05\/NC_23.05.2010-21.jpg\" alt=\"\" width=\"512\" height=\"341\" srcset=\"https:\/\/www.fdelaitre.org\/wp2\/wp-content\/uploads\/2010\/05\/NC_23.05.2010-21.jpg 512w, https:\/\/www.fdelaitre.org\/wp2\/wp-content\/uploads\/2010\/05\/NC_23.05.2010-21-300x199.jpg 300w\" sizes=\"(max-width: 512px) 100vw, 512px\" \/><\/a><\/p>\n<p style=\"text-align: left;\">\n<p style=\"text-align: left;\">Foule des grands jours aux terrasses de l&rsquo;avenue, dont celle du \u00ab\u00a0Deauville\u00a0\u00bb o\u00f9 jadis j&rsquo;allais prendre un th\u00e9 apr\u00e8s le traditionnel film du week-end sur les Champs :<\/p>\n<p style=\"text-align: center;\"><a href=\"https:\/\/www.fdelaitre.org\/wp2\/wp-content\/uploads\/2010\/05\/NC_23.05.2010-23.jpg\"><img decoding=\"async\" loading=\"lazy\" class=\"aligncenter size-full wp-image-1335\" title=\"NC_23.05.2010-23\" src=\"https:\/\/www.fdelaitre.org\/wp2\/wp-content\/uploads\/2010\/05\/NC_23.05.2010-23.jpg\" alt=\"\" width=\"512\" height=\"341\" srcset=\"https:\/\/www.fdelaitre.org\/wp2\/wp-content\/uploads\/2010\/05\/NC_23.05.2010-23.jpg 512w, https:\/\/www.fdelaitre.org\/wp2\/wp-content\/uploads\/2010\/05\/NC_23.05.2010-23-300x199.jpg 300w\" sizes=\"(max-width: 512px) 100vw, 512px\" \/><\/a><\/p>\n<p style=\"text-align: center;\">\n<p style=\"text-align: left;\">Et un mauvais point pour la\u00a0Maison de l&rsquo;\u00a0Alsace qui , bien qu&rsquo;ayant mis ses chefs de cuisine en grande tenue derri\u00e8re un stand sp\u00e9cial sur le trottoir, ne trouvait \u00e0 proposer aux visiteurs que des hot-dogs, des paquets de chips\u00a0et des sandwichs poulet\/jambon ! Quid des sp\u00e9cialit\u00e9s de la belle Alsace ? Knacks, schiffala, foie gras d&rsquo;oie, sushi de truite des lacs vosgiens, Baeckheoffe \u00e0 emporter (certes un peu lourd pendant les chaleurs) ?<\/p>\n<p style=\"text-align: left;\"><a href=\"https:\/\/www.fdelaitre.org\/wp2\/wp-content\/uploads\/2010\/05\/NC_Maison_Alsace.jpg\"><img decoding=\"async\" loading=\"lazy\" class=\"size-full wp-image-1345 alignnone\" title=\"NC_Maison_Alsace\" src=\"https:\/\/www.fdelaitre.org\/wp2\/wp-content\/uploads\/2010\/05\/NC_Maison_Alsace.jpg\" alt=\"\" width=\"512\" height=\"341\" srcset=\"https:\/\/www.fdelaitre.org\/wp2\/wp-content\/uploads\/2010\/05\/NC_Maison_Alsace.jpg 512w, https:\/\/www.fdelaitre.org\/wp2\/wp-content\/uploads\/2010\/05\/NC_Maison_Alsace-300x199.jpg 300w\" sizes=\"(max-width: 512px) 100vw, 512px\" \/><\/a><\/p>\n<p style=\"text-align: center;\">\n<p style=\"text-align: center;\">\u00a0<\/p>\n<p style=\"text-align: center;\">\n<p style=\"text-align: left;\">Au final : une manifestation gentillette et sympathique, \u00e0 mi-chemin entre une jardinerie le week-end et le Salon de l&rsquo;Agriculture. Bel exploit logistique \u00e9galement, mais je ne surprendrais pas les habitu\u00e9s de ce Blog en disant que j&rsquo;ai pr\u00e9f\u00e9r\u00e9 le <a href=\"http:\/\/www.fdelaitre.com\/TrainCapitale.htm\" target=\"_blank\">Train Capitale<\/a> de 2003 ;-), m\u00eame lieu et m\u00eame organisateur&#8230;<\/p>\n<p style=\"text-align: center;\"><a href=\"https:\/\/www.fdelaitre.org\/wp2\/wp-content\/uploads\/2010\/05\/NC_23.05.2010-8.jpg\"><img decoding=\"async\" loading=\"lazy\" class=\"aligncenter size-full wp-image-1337\" title=\"NC_23.05.2010-8\" src=\"https:\/\/www.fdelaitre.org\/wp2\/wp-content\/uploads\/2010\/05\/NC_23.05.2010-8.jpg\" alt=\"\" width=\"512\" height=\"341\" srcset=\"https:\/\/www.fdelaitre.org\/wp2\/wp-content\/uploads\/2010\/05\/NC_23.05.2010-8.jpg 512w, https:\/\/www.fdelaitre.org\/wp2\/wp-content\/uploads\/2010\/05\/NC_23.05.2010-8-300x199.jpg 300w\" sizes=\"(max-width: 512px) 100vw, 512px\" \/><\/a><\/p>\n<p style=\"text-align: center;\"><a href=\"https:\/\/www.fdelaitre.org\/wp2\/wp-content\/uploads\/2010\/05\/NC_23.05.2010-27.jpg\"><img decoding=\"async\" loading=\"lazy\" class=\"aligncenter size-full wp-image-1339\" title=\"NC_23.05.2010-27\" src=\"https:\/\/www.fdelaitre.org\/wp2\/wp-content\/uploads\/2010\/05\/NC_23.05.2010-27.jpg\" alt=\"\" width=\"512\" height=\"341\" srcset=\"https:\/\/www.fdelaitre.org\/wp2\/wp-content\/uploads\/2010\/05\/NC_23.05.2010-27.jpg 512w, https:\/\/www.fdelaitre.org\/wp2\/wp-content\/uploads\/2010\/05\/NC_23.05.2010-27-300x199.jpg 300w\" sizes=\"(max-width: 512px) 100vw, 512px\" \/><\/a><\/p>\n<p style=\"text-align: center;\">\n<p style=\"text-align: center;\">\n<p style=\"text-align: center;\"><a href=\"https:\/\/www.fdelaitre.org\/wp2\/wp-content\/uploads\/2010\/05\/NC_23.05.2010-22.jpg\"><img decoding=\"async\" loading=\"lazy\" class=\"aligncenter size-full wp-image-1338\" title=\"NC_23.05.2010-22\" src=\"https:\/\/www.fdelaitre.org\/wp2\/wp-content\/uploads\/2010\/05\/NC_23.05.2010-22.jpg\" alt=\"\" width=\"341\" height=\"512\" srcset=\"https:\/\/www.fdelaitre.org\/wp2\/wp-content\/uploads\/2010\/05\/NC_23.05.2010-22.jpg 341w, https:\/\/www.fdelaitre.org\/wp2\/wp-content\/uploads\/2010\/05\/NC_23.05.2010-22-199x300.jpg 199w\" sizes=\"(max-width: 341px) 100vw, 341px\" \/><\/a><\/p>\n<p style=\"text-align: center;\">\n<p style=\"text-align: left;\">\u00a0<\/p>\n<\/div><\/div>","protected":false},"excerpt":{"rendered":"<p>Parisien de naissance, donc g\u00e9n\u00e9tiquement programm\u00e9 au niveau de mon ADN pour faire le badaud :-), je ne pouvais pas manquer d&rsquo;aller faire un tour sur les Champs-Elys\u00e9es voir cette fameuse exposition \u00ab\u00a0Nature Capitale\u00a0\u00bb qui allait nous d\u00e9barrasser au moins pour 48 heures de la circulation automobile dans ce coin de 8e arrondissement. Il y [&hellip;]<\/p>\n","protected":false},"author":2,"featured_media":0,"comment_status":"open","ping_status":"open","sticky":false,"template":"","format":"standard","meta":{"footnotes":""},"categories":[4,6],"tags":[178],"_links":{"self":[{"href":"https:\/\/www.fdelaitre.org\/wp2\/wp-json\/wp\/v2\/posts\/1311"}],"collection":[{"href":"https:\/\/www.fdelaitre.org\/wp2\/wp-json\/wp\/v2\/posts"}],"about":[{"href":"https:\/\/www.fdelaitre.org\/wp2\/wp-json\/wp\/v2\/types\/post"}],"author":[{"embeddable":true,"href":"https:\/\/www.fdelaitre.org\/wp2\/wp-json\/wp\/v2\/users\/2"}],"replies":[{"embeddable":true,"href":"https:\/\/www.fdelaitre.org\/wp2\/wp-json\/wp\/v2\/comments?post=1311"}],"version-history":[{"count":10,"href":"https:\/\/www.fdelaitre.org\/wp2\/wp-json\/wp\/v2\/posts\/1311\/revisions"}],"predecessor-version":[{"id":1317,"href":"https:\/\/www.fdelaitre.org\/wp2\/wp-json\/wp\/v2\/posts\/1311\/revisions\/1317"}],"wp:attachment":[{"href":"https:\/\/www.fdelaitre.org\/wp2\/wp-json\/wp\/v2\/media?parent=1311"}],"wp:term":[{"taxonomy":"category","embeddable":true,"href":"https:\/\/www.fdelaitre.org\/wp2\/wp-json\/wp\/v2\/categories?post=1311"},{"taxonomy":"post_tag","embeddable":true,"href":"https:\/\/www.fdelaitre.org\/wp2\/wp-json\/wp\/v2\/tags?post=1311"}],"curies":[{"name":"wp","href":"https:\/\/api.w.org\/{rel}","templated":true}]}}